{"id":1315,"date":"2022-10-17T22:34:34","date_gmt":"2022-10-17T20:34:34","guid":{"rendered":"https:\/\/piramowicz.pl\/?p=1315"},"modified":"2022-10-18T16:29:33","modified_gmt":"2022-10-18T14:29:33","slug":"to-juz-95-lat-istnienia-i-liceum-ogolnoksztalcacego-im-grzegorza-piramowicza-w-augustowie","status":"publish","type":"post","link":"https:\/\/piramowicz.pl\/index.php\/2022\/10\/17\/to-juz-95-lat-istnienia-i-liceum-ogolnoksztalcacego-im-grzegorza-piramowicza-w-augustowie\/","title":{"rendered":"To ju\u017c 95 lat istnienia I Liceum Og\u00f3lnokszta\u0142c\u0105cego im. Grzegorza Piramowicza w Augustowie!"},"content":{"rendered":"\n<p>12 pa\u017adziernika 2022 r. I LO obchodzi\u0142o uroczysty jubileusz, kt\u00f3ry na pewno pozostanie w pami\u0119ci wszystkich obecnych na \u015bwi\u0119cie Piramowicza. Jubileusz obj\u0105\u0142 honorowym patronatem Sekretarz Stanu w Ministerstwie Edukacji i Nauki Pan <strong>Dariusz Piontkowski<\/strong>.<\/p>\n\n\n\n<p>Uroczysto\u015b\u0107 rozpocz\u0119\u0142a si\u0119 od Mszy \u015awi\u0119tej celebrowanej przez Ksi\u0119dza Dziekana <strong>Wojciecha Jab\u0142o\u0144skiego<\/strong> i absolwenta szko\u0142y Ks. Kan. dr. <strong>Antoniego Skowro\u0144skiego<\/strong> w Bazylice Naj\u015bwi\u0119tszego Serca Jezusowego w Augustowie. Nast\u0119pnie wszyscy go\u015bcie i&nbsp;spo\u0142eczno\u015b\u0107 szkolna wzi\u0119\u0142a udzia\u0142 w obchodach \u015awi\u0119ta Szko\u0142y w siedzibie I Liceum Og\u00f3lnokszta\u0142c\u0105cego w Augustowie. Pani Dyrektor <strong>Anna Sus-Cilulko<\/strong> serdecznie powita\u0142a przyby\u0142ych go\u015bci.<\/p>\n\n\n\n<p>Zaproszenie na jubileusz przyj\u0119li: Pan <strong>Dariusz Piontkowski<\/strong> Sekretarz Stanu w Ministerstwie Edukacji i Nauki, Pan <strong>Jaros\u0142aw Zieli\u0144ski<\/strong> Pose\u0142 na Sejm Rzeczypospolitej Polskiej, Pan <strong>Marek Komorowski<\/strong> Senator Rzeczypospolitej Polskiej, Ks. Kan. <strong>Wojciech Jab\u0142o\u0144ski<\/strong> Dziekana Dekanatu \u015bw. Bart\u0142omieja Aposto\u0142a, Ks. Kan. dr <strong>Antoni Skowro\u0144ski<\/strong>, Pani <strong>Barbara Buraczewska<\/strong> Podlaski Wicekurator O\u015bwiaty, pp\u0142k <strong>Marek Bia\u0142obrzeski<\/strong> reprezentuj\u0105cy gen. bryg. <strong>Piotra Fajkowskiego<\/strong> Dow\u00f3dc\u0119 15. Gi\u017cyckiej Brygady Zmechanizowanej, p\u0142k <strong>Krzysztof \u015awiderski<\/strong> Dow\u00f3dca 14. Pu\u0142ku Przeciwpancernego w Suwa\u0142kach, pp\u0142k <strong>Mateusz Kujawski<\/strong> Szef Sztabu reprezentuj\u0105cego p\u0142k <strong>Mariusza Majerskiego<\/strong> Dow\u00f3dc\u0119 11. Mazurskiego Pu\u0142ku Artylerii w W\u0119gorzewie, pp\u0142k <strong>Jaros\u0142aw Kowalewski<\/strong> Szef Wojskowego Centrum Rekrutacji w Suwa\u0142kach, dr <strong>J\u00f3zef Koz\u0142owski<\/strong> Dyrektor Instytutu Historii Wojskowej, kt\u00f3ry reprezentuje Rektora &#8211; Komendanta Akademii Sztuki Wojennej w Warszawie gen. bryg. dr. <strong>Roberta Kosowskiego<\/strong>, Pan <strong>Marek K\u0142oczko<\/strong> Prezes Krajowej Izby Gospodarczej, Pani dr <strong>Marta Kapusta<\/strong> Rektor Pa\u0144stwowej Uczelni Zawodowej w&nbsp;Suwa\u0142kach,<\/p>\n\n\n\n<p>Pan dr hab. <strong>Piotr Kardela<\/strong> Dyrektor Oddzia\u0142u IPN w Bia\u0142ymstoku, Prof. <strong>Magdalena Gawin<\/strong> Dyrektor Instytutu Pileckiego, Pan <strong>Jaros\u0142aw Szlaszy\u0144ski<\/strong> Starosta Augustowski, Pan <strong>Andrzej Mursztyn<\/strong> Przewodnicz\u0105cy Rady Powiatu w Augustowie, Pan <strong>Dariusz Jan Szki\u0142\u0105d\u017a<\/strong> Wicestarosta Augustowski, Pani <strong>Ma\u0142gorzata Mikos<\/strong> Sekretarz Powiatu Augustowskiego, Pan <strong>Miros\u0142aw Krakowski<\/strong> Skarbnik Powiatu w&nbsp;Augustowie, Pani <strong>Bo\u017cenna Kondracka<\/strong> Naczelnik Wydzia\u0142u O\u015bwiaty, Kultury i Sportu, Pani <strong>Joanna Ja\u015bko<\/strong> Naczelnik Wydzia\u0142u Promocji i&nbsp;Rozwoju, Pani <strong>Martyna Chodacz<\/strong>, Pani Barbara <strong>Mo\u017cejewsk\u0105 \u2013 Warejko<\/strong> Zast\u0119pca Dyrektora Delegatury Kuratorium O\u015bwiaty w Suwa\u0142kach, Pani <strong>Marta Wasilewska<\/strong> Wizytatora Delegatury Kuratorium O\u015bwiaty w Suwa\u0142kach, Pan <strong>Jaros\u0142aw Cezary S\u0142abi\u0144ski<\/strong> Wicedyrektor Centrum Edukacji Nauczycieli w Suwa\u0142kach, Pani <strong>Barbara Czartoszewska<\/strong> Prezes Zarz\u0105du Augustowskiego Oddzia\u0142u Zwi\u0105zku Sybirak\u00f3w, Pan <strong>Zbigniew Kaszlej<\/strong> Prezes Augustowskiego Zarz\u0105du Ko\u0142a \u015awiatowego Zwi\u0105zku \u017bo\u0142nierzy Armii Krajowej, Siostra <strong>Helena Kami\u0144ska<\/strong> Dyrektor Domu Pomocy Spo\u0142ecznej Zgromadzenia Si\u00f3str Franciszkanek Rodziny Maryi, Pan <strong>Wojciech Szostak<\/strong> Nadle\u015bniczy Nadle\u015bnictwa August\u00f3w, Pan <strong>Roman Rogozi\u0144ski<\/strong> Nadle\u015bniczy Nadle\u015bnictwa P\u0142aska, Pan <strong>Tomasz Kuprewicz<\/strong> Komendant Powiatowej Policji w Augustowie, Pan <strong>Micha\u0142 Olszewski<\/strong> Zast\u0119pc\u0119 Komendanta Powiatowej Stra\u017cy Po\u017carnej w Augustowie, Pan <strong>Jaros\u0142aw Oborski<\/strong> Komendant Stra\u017cy Granicznej w&nbsp;Augustowie, Pani <strong>Agata Augusewicz<\/strong> Dyrektor Powiatowej Stacji Sanitarno-Epidemiologicznej, Pan <strong>Wies\u0142aw Mursztyn<\/strong> Komendant Hufca Pracy w&nbsp;Augustowie,<\/p>\n\n\n\n<p>Pan <strong>Zdzis\u0142aw Sadowski<\/strong> W\u0142a\u015bciciel Przychodni Lekarsko &#8211; Piel\u0119gniarskiej \u201eEskulap\u201d, Dyrektorzy, kierownicy Jednostek Organizacyjnych Powiatu Augustowskiego, dyrektorzy powiatowych i miejskich jednostek o\u015bwiatowych. Przybili tak\u017ce przedstawiciele Rady Rodzic\u00f3w, emeryci i absolwenci szko\u0142y.<\/p>\n\n\n\n<p>Pani Dyrektor na zako\u0144czenie wspomnia\u0142a tak\u017ce swoich poprzednik\u00f3w, dyrektor\u00f3w: Pana <strong>Zdzis\u0142awa Badowskiego<\/strong>, Pana <strong>Stanis\u0142awa Budnika<\/strong>, Pani\u0105 <strong>Joann\u0119 Lisek<\/strong>, kt\u00f3rzy ze wzgl\u0119d\u00f3w zdrowotnych nie mogli uczestniczy\u0107 w uroczysto\u015bci, ale przekazali serdeczne pozdrowienia.<\/p>\n\n\n\n<p>Sukces szko\u0142y jest zas\u0142ug\u0105 wielu os\u00f3b, dlatego przy tak uroczystym jubileuszu zawsze jest miejsce na podzi\u0119kowania. Pani dyrektor Anna Sus-Cilulko wr\u0119czy\u0142a okoliczno\u015bciowe statuetki Piramowicza. Zaszczytny tytu\u0142 Przyjaciela Szko\u0142y otrzymali:<\/p>\n\n\n\n<p>Sekretarz Stanu w Ministerstwie Edukacji i Nauki \u2013 Pan Dariusz Piontkowski, Pose\u0142 na Sejm Rzeczypospolitej Polskiej \u2013 Pan Jaros\u0142aw Zieli\u0144ski, Pu\u0142kownik Krzysztof \u015awiderski Dow\u00f3dca 14. Pu\u0142ku Przeciwpancernego w Suwa\u0142kach, Pu\u0142kownik Mariusz Majewski Dow\u00f3dca 11. Pu\u0142ku Artylerii w W\u0119gorzewie, Podpu\u0142kownik Jaros\u0142aw Kowalewski Szef Wojskowego Centrum Rekrutacji w Suwa\u0142kach, Ks. Kan. dr Antoni Skowro\u0144ski, Skarbnik Powiatu Augustowskiego \u2013 Pan Miros\u0142aw Krakowski.<\/p>\n\n\n\n<p>Podzi\u0119kowania otrzyma\u0142y tak\u017ce osoby, kt\u00f3re u\u015bwietni\u0142y swoj\u0105 obecno\u015bci\u0105 jubileusz. Senator Rzeczypospolitej Polskiej Pan Marek Komorowski, Zast\u0119pca Dyrektora Delegatury Kuratorium O\u015bwiaty w Suwa\u0142kach pani Barbara Mo\u017cejewska \u2013 Warejko i wizytator Marta Wasilewska.<\/p>\n\n\n\n<p>Szczeg\u00f3lne podzi\u0119kowania za wsp\u00f3\u0142prac\u0119 i wsparcie szko\u0142y otrzymali:<\/p>\n\n\n\n<p>Starosta Powiatu Augustowskiego \u2013 Pan Jaros\u0142aw Szlaszy\u0144ski, Ks. Dziekan Wojciech Jab\u0142o\u0144ski, Pani Ma\u0142gorzata Mikos &#8211; Sekretarz Powiatu Augustowskiego, Pani Bo\u017cenna Kondracka \u2013 Naczelnik Wydzia\u0142u O\u015bwiaty, Kultury i Sportu, Pani Joanna Ja\u015bko Naczelnik Wydzia\u0142u Promocji i&nbsp;Rozwoju oraz Pani Martyna Chodacz.<\/p>\n\n\n\n<p>Nagrodzeni i zaproszeni go\u015bcie gratulowali szkole dotychczasowych dokona\u0144 i \u017cyczyli dalszej owocnej pracy i kolejnych osi\u0105gni\u0119\u0107. Nie zabrak\u0142o r\u00f3wnie\u017c ciep\u0142ych wspomnie\u0144 o wychowawcach i nauczycielach.<\/p>\n\n\n\n<p>Starosta Augustowski podzi\u0119kowa\u0142 wszystkim pracownikom szko\u0142y za sumiennie wykonywan\u0105 prac\u0119 i uhonorowa\u0142 Pani\u0105 Bo\u017cen\u0119 Bendig, Pani\u0105 Ma\u0142gorzat\u0119 Lend\u0119 i Pani\u0105 Miros\u0142aw\u0119 Skorup\u0119 Nagrod\u0105 Starosty Powiatu Augustowskiego. Starosta Augustowski wraz z&nbsp;Wicestarost\u0105 Dariuszem Szki\u0142\u0105dziem i z Pani\u0105 Naczelnik WOKiS Bo\u017cenn\u0105 Kondrack\u0105 wr\u0119czyli tak\u017ce stypendia uczniom za osi\u0105gni\u0119cia w nauce i sporcie oraz pogratulowali ich rodzicom. Chwil\u0119 p\u00f3\u017aniej Nagrody Dyrektora otrzymali nauczyciele i pracownicy.<\/p>\n\n\n\n<p>Cz\u0119\u015b\u0107 oficjaln\u0105 jubileuszu zako\u0144czy\u0142 spektakl w wykonaniu Teatru Res Humanae prowadzonym przez Pani\u0105 profesor Bo\u017cen\u0119 Bendig ju\u017c od 34 lat oraz szkolny zesp\u00f3\u0142 muzyczny pod kierownictwem Pana profesora Janusza Cichora. By\u0142a to jak zawsze artystyczna uczta i&nbsp;sentymentalna podr\u00f3\u017c przez kolejne 9 i p\u00f3\u0142 dekad istnienia szko\u0142y. Motywem przewodnim by\u0142y przeboje charakterystyczne dla kolejnych pokole\u0144 ucz\u0105cych si\u0119 w I Liceum Og\u00f3lnokszta\u0142c\u0105cym im. Grzegorza Piramowicza w Augustowie. Warto podkre\u015bli\u0107, \u017ce w&nbsp;spektaklu wyst\u0105pili arty\u015bci, kt\u00f3rzy pracuj\u0105 ju\u017c w teatrze kilka lat, ale tak\u017ce debiutuj\u0105cy w tej roli uczniowie. Res Humanae kontynuuje wci\u0105\u017c tradycje plac\u00f3wki jako istotnego o\u015brodka kultury.<\/p>\n\n\n\n<p>Uroczysto\u015b\u0107 zako\u0144czy\u0142a si\u0119 zaproszeniem na wyj\u0105tkowy jubileusz, czyli 100-lecie Szko\u0142y i okoliczno\u015bciowy tort w atmosferze ciep\u0142ych wspomnie\u0144.<\/p>\n\n\n\n<p>Dzi\u0119kujemy wszystkim, kt\u00f3rzy u\u015bwietnili swoj\u0105 obecno\u015bci\u0105 95-lecie Piramowicza.<\/p>\n\n\n\n<p>Do zobaczenia za 5 lat!<\/p>\n\n\n\n<p>Poni\u017cej fotorelacja z obchod\u00f3w autorstwa Pana <strong>Jerzego Lecha<\/strong>, absolwenta I LO w Augustowie.<\/p>\n\n\n\n<figure class=\"wp-block-image size-full\"><img fetchpriority=\"high\" decoding=\"async\" width=\"1024\" height=\"683\" src=\"https:\/\/piramowicz.pl\/wp-content\/uploads\/2022\/10\/MK4J6861.jpg\" alt=\"Dyrekcja, w\u0142adze powiatu i zaproszeni go\u015bcie na uroczystej mszy \u015bwi\u0119tej\" class=\"wp-image-1282\" srcset=\"https:\/\/piramowicz.pl\/wp-content\/uploads\/2022\/10\/MK4J6861.jpg 1024w, https:\/\/piramowicz.pl\/wp-content\/uploads\/2022\/10\/MK4J6861-300x200.jpg 300w, https:\/\/piramowicz.pl\/wp-content\/uploads\/2022\/10\/MK4J6861-768x512.jpg 768w\" sizes=\"(max-width: 1024px) 100vw, 1024px\" \/><\/figure>\n\n\n\n<figure class=\"wp-block-image size-full\"><img decoding=\"async\" width=\"1024\" height=\"683\" src=\"https:\/\/piramowicz.pl\/wp-content\/uploads\/2022\/10\/MK4J6873.jpg\" alt=\"Poczet sztandarowy, go\u015bcie i spo\u0142eczno\u015b\u0107 szkolna na mszy \u015bwi\u0119tej\" class=\"wp-image-1283\" srcset=\"https:\/\/piramowicz.pl\/wp-content\/uploads\/2022\/10\/MK4J6873.jpg 1024w, https:\/\/piramowicz.pl\/wp-content\/uploads\/2022\/10\/MK4J6873-300x200.jpg 300w, https:\/\/piramowicz.pl\/wp-content\/uploads\/2022\/10\/MK4J6873-768x512.jpg 768w\" sizes=\"(max-width: 1024px) 100vw, 1024px\" \/><\/figure>\n\n\n\n<figure class=\"wp-block-image size-full\"><img decoding=\"async\" width=\"1024\" height=\"683\" src=\"https:\/\/piramowicz.pl\/wp-content\/uploads\/2022\/10\/MK4J6927.jpg\" alt=\"Poczet sztandarowy i symbol OPW na mszy \u015bwi\u0119tej\" class=\"wp-image-1284\" srcset=\"https:\/\/piramowicz.pl\/wp-content\/uploads\/2022\/10\/MK4J6927.jpg 1024w, https:\/\/piramowicz.pl\/wp-content\/uploads\/2022\/10\/MK4J6927-300x200.jpg 300w, https:\/\/piramowicz.pl\/wp-content\/uploads\/2022\/10\/MK4J6927-768x512.jpg 768w\" sizes=\"(max-width: 1024px) 100vw, 1024px\" \/><\/figure>\n\n\n\n<figure class=\"wp-block-image size-full\"><img loading=\"lazy\" decoding=\"async\" width=\"1024\" height=\"683\" src=\"https:\/\/piramowicz.pl\/wp-content\/uploads\/2022\/10\/MK4J6936.jpg\" alt=\"Oddzia\u0142y przygotowania wojskowego i go\u015bcie na mszy \u015bwi\u0119tej\" class=\"wp-image-1285\" srcset=\"https:\/\/piramowicz.pl\/wp-content\/uploads\/2022\/10\/MK4J6936.jpg 1024w, https:\/\/piramowicz.pl\/wp-content\/uploads\/2022\/10\/MK4J6936-300x200.jpg 300w, https:\/\/piramowicz.pl\/wp-content\/uploads\/2022\/10\/MK4J6936-768x512.jpg 768w\" sizes=\"(max-width: 1024px) 100vw, 1024px\" \/><\/figure>\n\n\n\n<figure class=\"wp-block-image size-full\"><img loading=\"lazy\" decoding=\"async\" width=\"1024\" height=\"683\" src=\"https:\/\/piramowicz.pl\/wp-content\/uploads\/2022\/10\/MK4J6941.jpg\" alt=\"Wyst\u0105pienie Pani Dyrektor w czasie mszy \u015bwi\u0119tej\" class=\"wp-image-1286\" srcset=\"https:\/\/piramowicz.pl\/wp-content\/uploads\/2022\/10\/MK4J6941.jpg 1024w, https:\/\/piramowicz.pl\/wp-content\/uploads\/2022\/10\/MK4J6941-300x200.jpg 300w, https:\/\/piramowicz.pl\/wp-content\/uploads\/2022\/10\/MK4J6941-768x512.jpg 768w\" sizes=\"(max-width: 1024px) 100vw, 1024px\" \/><\/figure>\n\n\n\n<figure class=\"wp-block-image size-full\"><img loading=\"lazy\" decoding=\"async\" width=\"1024\" height=\"683\" src=\"https:\/\/piramowicz.pl\/wp-content\/uploads\/2022\/10\/MK4J6949.jpg\" alt=\"Zaproszeni go\u015bcie na uroczysto\u015bci jubileuszowej\" class=\"wp-image-1287\" srcset=\"https:\/\/piramowicz.pl\/wp-content\/uploads\/2022\/10\/MK4J6949.jpg 1024w, https:\/\/piramowicz.pl\/wp-content\/uploads\/2022\/10\/MK4J6949-300x200.jpg 300w, https:\/\/piramowicz.pl\/wp-content\/uploads\/2022\/10\/MK4J6949-768x512.jpg 768w\" sizes=\"(max-width: 1024px) 100vw, 1024px\" \/><\/figure>\n\n\n\n<figure class=\"wp-block-image size-full\"><img loading=\"lazy\" decoding=\"async\" width=\"1024\" height=\"683\" src=\"https:\/\/piramowicz.pl\/wp-content\/uploads\/2022\/10\/MK4J6972.jpg\" alt=\"Pan starosta Jaros\u0142aw Szlaszy\u0144ski i zaproszeni go\u015bcie\" class=\"wp-image-1288\" srcset=\"https:\/\/piramowicz.pl\/wp-content\/uploads\/2022\/10\/MK4J6972.jpg 1024w, https:\/\/piramowicz.pl\/wp-content\/uploads\/2022\/10\/MK4J6972-300x200.jpg 300w, https:\/\/piramowicz.pl\/wp-content\/uploads\/2022\/10\/MK4J6972-768x512.jpg 768w\" sizes=\"(max-width: 1024px) 100vw, 1024px\" \/><\/figure>\n\n\n\n<figure class=\"wp-block-image size-full\"><img loading=\"lazy\" decoding=\"async\" width=\"1024\" height=\"683\" src=\"https:\/\/piramowicz.pl\/wp-content\/uploads\/2022\/10\/MK4J6996.jpg\" alt=\"Prowadz\u0105cy uroczysto\u015b\u0107 jubileuszow\u0105\" class=\"wp-image-1289\" srcset=\"https:\/\/piramowicz.pl\/wp-content\/uploads\/2022\/10\/MK4J6996.jpg 1024w, https:\/\/piramowicz.pl\/wp-content\/uploads\/2022\/10\/MK4J6996-300x200.jpg 300w, https:\/\/piramowicz.pl\/wp-content\/uploads\/2022\/10\/MK4J6996-768x512.jpg 768w\" sizes=\"(max-width: 1024px) 100vw, 1024px\" \/><\/figure>\n\n\n\n<figure class=\"wp-block-image size-full\"><img loading=\"lazy\" decoding=\"async\" width=\"1024\" height=\"683\" src=\"https:\/\/piramowicz.pl\/wp-content\/uploads\/2022\/10\/MK4J7001.jpg\" alt=\"Zaproszeni go\u015bcie na uroczysto\u015bci jubileuszowej\" class=\"wp-image-1290\" srcset=\"https:\/\/piramowicz.pl\/wp-content\/uploads\/2022\/10\/MK4J7001.jpg 1024w, https:\/\/piramowicz.pl\/wp-content\/uploads\/2022\/10\/MK4J7001-300x200.jpg 300w, https:\/\/piramowicz.pl\/wp-content\/uploads\/2022\/10\/MK4J7001-768x512.jpg 768w\" sizes=\"(max-width: 1024px) 100vw, 1024px\" \/><\/figure>\n\n\n\n<figure class=\"wp-block-image size-full\"><img loading=\"lazy\" decoding=\"async\" width=\"1024\" height=\"683\" src=\"https:\/\/piramowicz.pl\/wp-content\/uploads\/2022\/10\/MK4J7052.jpg\" alt=\"p\u0142k Krzysztof \u015awiderski Dow\u00f3dca 14. Pu\u0142ku Przeciwpancernego w Suwa\u0142kach z pani\u0105 dyrektor Ann\u0105 Sus-Cilulko\" class=\"wp-image-1291\" srcset=\"https:\/\/piramowicz.pl\/wp-content\/uploads\/2022\/10\/MK4J7052.jpg 1024w, https:\/\/piramowicz.pl\/wp-content\/uploads\/2022\/10\/MK4J7052-300x200.jpg 300w, https:\/\/piramowicz.pl\/wp-content\/uploads\/2022\/10\/MK4J7052-768x512.jpg 768w\" sizes=\"(max-width: 1024px) 100vw, 1024px\" \/><\/figure>\n\n\n\n<figure class=\"wp-block-image size-full\"><img loading=\"lazy\" decoding=\"async\" width=\"1024\" height=\"683\" src=\"https:\/\/piramowicz.pl\/wp-content\/uploads\/2022\/10\/MK4J7061.jpg\" alt=\"pp\u0142k Jaros\u0142aw Kowalewski Szef Wojskowego Centrum Rekrutacji w Suwa\u0142kach z pani\u0105 dyrektor Ann\u0105 Sus-Cilulko\" class=\"wp-image-1292\" srcset=\"https:\/\/piramowicz.pl\/wp-content\/uploads\/2022\/10\/MK4J7061.jpg 1024w, https:\/\/piramowicz.pl\/wp-content\/uploads\/2022\/10\/MK4J7061-300x200.jpg 300w, https:\/\/piramowicz.pl\/wp-content\/uploads\/2022\/10\/MK4J7061-768x512.jpg 768w\" sizes=\"(max-width: 1024px) 100vw, 1024px\" \/><\/figure>\n\n\n\n<figure class=\"wp-block-image size-full\"><img loading=\"lazy\" decoding=\"async\" width=\"1024\" height=\"683\" src=\"https:\/\/piramowicz.pl\/wp-content\/uploads\/2022\/10\/MK4J7066.jpg\" alt=\"Ks. Kan. dr Antoni Skowro\u0144ski z pani\u0105 dyrektor szko\u0142y\" class=\"wp-image-1293\" srcset=\"https:\/\/piramowicz.pl\/wp-content\/uploads\/2022\/10\/MK4J7066.jpg 1024w, https:\/\/piramowicz.pl\/wp-content\/uploads\/2022\/10\/MK4J7066-300x200.jpg 300w, https:\/\/piramowicz.pl\/wp-content\/uploads\/2022\/10\/MK4J7066-768x512.jpg 768w\" sizes=\"(max-width: 1024px) 100vw, 1024px\" \/><\/figure>\n\n\n\n<figure class=\"wp-block-image size-full\"><img loading=\"lazy\" decoding=\"async\" width=\"1024\" height=\"683\" src=\"https:\/\/piramowicz.pl\/wp-content\/uploads\/2022\/10\/MK4J7075.jpg\" alt=\"Pan Marek Komorowski Senator Rzeczypospolitej Polskiej z pani\u0105 dyrektor Ann\u0105 Sus-Cilulko\" class=\"wp-image-1294\" srcset=\"https:\/\/piramowicz.pl\/wp-content\/uploads\/2022\/10\/MK4J7075.jpg 1024w, https:\/\/piramowicz.pl\/wp-content\/uploads\/2022\/10\/MK4J7075-300x200.jpg 300w, https:\/\/piramowicz.pl\/wp-content\/uploads\/2022\/10\/MK4J7075-768x512.jpg 768w\" sizes=\"(max-width: 1024px) 100vw, 1024px\" \/><\/figure>\n\n\n\n<figure class=\"wp-block-image size-full\"><img loading=\"lazy\" decoding=\"async\" width=\"1024\" height=\"683\" src=\"https:\/\/piramowicz.pl\/wp-content\/uploads\/2022\/10\/MK4J7088.jpg\" alt=\"Pan starosta Jaros\u0142aw Szlaszy\u0144ski z pani\u0105 dyrektor szko\u0142y\" class=\"wp-image-1295\" srcset=\"https:\/\/piramowicz.pl\/wp-content\/uploads\/2022\/10\/MK4J7088.jpg 1024w, https:\/\/piramowicz.pl\/wp-content\/uploads\/2022\/10\/MK4J7088-300x200.jpg 300w, https:\/\/piramowicz.pl\/wp-content\/uploads\/2022\/10\/MK4J7088-768x512.jpg 768w\" sizes=\"(max-width: 1024px) 100vw, 1024px\" \/><\/figure>\n\n\n\n<figure class=\"wp-block-image size-full\"><img loading=\"lazy\" decoding=\"async\" width=\"1024\" height=\"683\" src=\"https:\/\/piramowicz.pl\/wp-content\/uploads\/2022\/10\/MK4J7091.jpg\" alt=\"Ks. Kan. Wojciech Jab\u0142o\u0144ski Dziekan Dekanatu \u015bw. Bart\u0142omieja Aposto\u0142a z pani\u0105 dyrektor Ann\u0105 Sus-Cilulko\" class=\"wp-image-1296\" srcset=\"https:\/\/piramowicz.pl\/wp-content\/uploads\/2022\/10\/MK4J7091.jpg 1024w, https:\/\/piramowicz.pl\/wp-content\/uploads\/2022\/10\/MK4J7091-300x200.jpg 300w, https:\/\/piramowicz.pl\/wp-content\/uploads\/2022\/10\/MK4J7091-768x512.jpg 768w\" sizes=\"(max-width: 1024px) 100vw, 1024px\" \/><\/figure>\n\n\n\n<figure class=\"wp-block-image size-full\"><img loading=\"lazy\" decoding=\"async\" width=\"1024\" height=\"683\" src=\"https:\/\/piramowicz.pl\/wp-content\/uploads\/2022\/10\/MK4J7120.jpg\" alt=\"Pani El\u017cbieta Klekotko wraz z uczniami prowadz\u0105cymi uroczysto\u015b\u0107\" class=\"wp-image-1297\" srcset=\"https:\/\/piramowicz.pl\/wp-content\/uploads\/2022\/10\/MK4J7120.jpg 1024w, https:\/\/piramowicz.pl\/wp-content\/uploads\/2022\/10\/MK4J7120-300x200.jpg 300w, https:\/\/piramowicz.pl\/wp-content\/uploads\/2022\/10\/MK4J7120-768x512.jpg 768w\" sizes=\"(max-width: 1024px) 100vw, 1024px\" \/><\/figure>\n\n\n\n<figure class=\"wp-block-image size-full is-resized\"><img loading=\"lazy\" decoding=\"async\" src=\"https:\/\/piramowicz.pl\/wp-content\/uploads\/2022\/10\/MK4J7123.jpg\" alt=\"Pan Dariusz Piontkowski Sekretarz Stanu w Ministerstwie Edukacji i Nauki\" class=\"wp-image-1298\" width=\"1024\" height=\"683\" srcset=\"https:\/\/piramowicz.pl\/wp-content\/uploads\/2022\/10\/MK4J7123.jpg 1024w, https:\/\/piramowicz.pl\/wp-content\/uploads\/2022\/10\/MK4J7123-300x200.jpg 300w, https:\/\/piramowicz.pl\/wp-content\/uploads\/2022\/10\/MK4J7123-768x512.jpg 768w\" sizes=\"(max-width: 1024px) 100vw, 1024px\" \/><\/figure>\n\n\n\n<figure class=\"wp-block-image size-full\"><img loading=\"lazy\" decoding=\"async\" width=\"1024\" height=\"565\" src=\"https:\/\/piramowicz.pl\/wp-content\/uploads\/2022\/10\/MK4J7127.jpg\" alt=\"Pan Dariusz Piontkowski Sekretarz Stanu w Ministerstwie Edukacji i Nauki oraz zgromadzeni go\u015bcie\" class=\"wp-image-1299\" srcset=\"https:\/\/piramowicz.pl\/wp-content\/uploads\/2022\/10\/MK4J7127.jpg 1024w, https:\/\/piramowicz.pl\/wp-content\/uploads\/2022\/10\/MK4J7127-300x166.jpg 300w, https:\/\/piramowicz.pl\/wp-content\/uploads\/2022\/10\/MK4J7127-768x424.jpg 768w\" sizes=\"(max-width: 1024px) 100vw, 1024px\" \/><\/figure>\n\n\n\n<figure class=\"wp-block-image size-full\"><img loading=\"lazy\" decoding=\"async\" width=\"1024\" height=\"683\" src=\"https:\/\/piramowicz.pl\/wp-content\/uploads\/2022\/10\/MK4J7136.jpg\" alt=\"Pan Jaros\u0142aw Zieli\u0144ski Pose\u0142 na Sejm Rzeczypospolitej Polskiej\" class=\"wp-image-1300\" srcset=\"https:\/\/piramowicz.pl\/wp-content\/uploads\/2022\/10\/MK4J7136.jpg 1024w, https:\/\/piramowicz.pl\/wp-content\/uploads\/2022\/10\/MK4J7136-300x200.jpg 300w, https:\/\/piramowicz.pl\/wp-content\/uploads\/2022\/10\/MK4J7136-768x512.jpg 768w\" sizes=\"(max-width: 1024px) 100vw, 1024px\" \/><\/figure>\n\n\n\n<figure class=\"wp-block-image size-full\"><img loading=\"lazy\" decoding=\"async\" width=\"1024\" height=\"683\" src=\"https:\/\/piramowicz.pl\/wp-content\/uploads\/2022\/10\/MK4J7161.jpg\" alt=\"Pan Marek Komorowski Senator Rzeczypospolitej Polskiej\" class=\"wp-image-1301\" srcset=\"https:\/\/piramowicz.pl\/wp-content\/uploads\/2022\/10\/MK4J7161.jpg 1024w, https:\/\/piramowicz.pl\/wp-content\/uploads\/2022\/10\/MK4J7161-300x200.jpg 300w, https:\/\/piramowicz.pl\/wp-content\/uploads\/2022\/10\/MK4J7161-768x512.jpg 768w\" sizes=\"(max-width: 1024px) 100vw, 1024px\" \/><\/figure>\n\n\n\n<figure class=\"wp-block-image size-full\"><img loading=\"lazy\" decoding=\"async\" width=\"1024\" height=\"683\" src=\"https:\/\/piramowicz.pl\/wp-content\/uploads\/2022\/10\/MK4J7165.jpg\" alt=\"Pan Marek Komorowski Senator Rzeczypospolitej Polskiej i pani dyrektor Anna Sus-Cilulko\" class=\"wp-image-1302\" srcset=\"https:\/\/piramowicz.pl\/wp-content\/uploads\/2022\/10\/MK4J7165.jpg 1024w, https:\/\/piramowicz.pl\/wp-content\/uploads\/2022\/10\/MK4J7165-300x200.jpg 300w, https:\/\/piramowicz.pl\/wp-content\/uploads\/2022\/10\/MK4J7165-768x512.jpg 768w\" sizes=\"(max-width: 1024px) 100vw, 1024px\" \/><\/figure>\n\n\n\n<figure class=\"wp-block-image size-full\"><img loading=\"lazy\" decoding=\"async\" width=\"1024\" height=\"683\" src=\"https:\/\/piramowicz.pl\/wp-content\/uploads\/2022\/10\/MK4J7170.jpg\" alt=\"pp\u0142k Jaros\u0142aw Kowalewski Szef Wojskowego Centrum Rekrutacji w Suwa\u0142kach\" class=\"wp-image-1303\" srcset=\"https:\/\/piramowicz.pl\/wp-content\/uploads\/2022\/10\/MK4J7170.jpg 1024w, https:\/\/piramowicz.pl\/wp-content\/uploads\/2022\/10\/MK4J7170-300x200.jpg 300w, https:\/\/piramowicz.pl\/wp-content\/uploads\/2022\/10\/MK4J7170-768x512.jpg 768w\" sizes=\"(max-width: 1024px) 100vw, 1024px\" \/><\/figure>\n\n\n\n<figure class=\"wp-block-image size-full\"><img loading=\"lazy\" decoding=\"async\" width=\"1024\" height=\"683\" src=\"https:\/\/piramowicz.pl\/wp-content\/uploads\/2022\/10\/MK4J7315.jpg\" alt=\"Pani Barbara Czartoszewska Prezes Zarz\u0105du Augustowskiego Oddzia\u0142u Zwi\u0105zku Sybirak\u00f3w\" class=\"wp-image-1304\" srcset=\"https:\/\/piramowicz.pl\/wp-content\/uploads\/2022\/10\/MK4J7315.jpg 1024w, https:\/\/piramowicz.pl\/wp-content\/uploads\/2022\/10\/MK4J7315-300x200.jpg 300w, https:\/\/piramowicz.pl\/wp-content\/uploads\/2022\/10\/MK4J7315-768x512.jpg 768w\" sizes=\"(max-width: 1024px) 100vw, 1024px\" \/><\/figure>\n\n\n\n<figure class=\"wp-block-image size-full\"><img loading=\"lazy\" decoding=\"async\" width=\"1024\" height=\"683\" src=\"https:\/\/piramowicz.pl\/wp-content\/uploads\/2022\/10\/MK4J7324.jpg\" alt=\"Pan Jaros\u0142aw Cezary S\u0142abi\u0144ski Wicedyrektor Centrum Edukacji Nauczycieli w Suwa\u0142kach\" class=\"wp-image-1305\" srcset=\"https:\/\/piramowicz.pl\/wp-content\/uploads\/2022\/10\/MK4J7324.jpg 1024w, https:\/\/piramowicz.pl\/wp-content\/uploads\/2022\/10\/MK4J7324-300x200.jpg 300w, https:\/\/piramowicz.pl\/wp-content\/uploads\/2022\/10\/MK4J7324-768x512.jpg 768w\" sizes=\"(max-width: 1024px) 100vw, 1024px\" \/><\/figure>\n\n\n\n<figure class=\"wp-block-image size-full\"><img loading=\"lazy\" decoding=\"async\" width=\"1024\" height=\"683\" src=\"https:\/\/piramowicz.pl\/wp-content\/uploads\/2022\/10\/MK4J7326.jpg\" alt=\"p\u0142k Krzysztof \u015awiderski Dow\u00f3dca 14. Pu\u0142ku Przeciwpancernego w Suwa\u0142kach z pani\u0105 dyrektor Ann\u0105 Sus-Cilulko\" class=\"wp-image-1306\" srcset=\"https:\/\/piramowicz.pl\/wp-content\/uploads\/2022\/10\/MK4J7326.jpg 1024w, https:\/\/piramowicz.pl\/wp-content\/uploads\/2022\/10\/MK4J7326-300x200.jpg 300w, https:\/\/piramowicz.pl\/wp-content\/uploads\/2022\/10\/MK4J7326-768x512.jpg 768w\" sizes=\"(max-width: 1024px) 100vw, 1024px\" \/><\/figure>\n\n\n\n<figure class=\"wp-block-image size-full\"><img loading=\"lazy\" decoding=\"async\" width=\"1024\" height=\"683\" src=\"https:\/\/piramowicz.pl\/wp-content\/uploads\/2022\/10\/MK4J7330.jpg\" alt=\"\" class=\"wp-image-1307\" srcset=\"https:\/\/piramowicz.pl\/wp-content\/uploads\/2022\/10\/MK4J7330.jpg 1024w, https:\/\/piramowicz.pl\/wp-content\/uploads\/2022\/10\/MK4J7330-300x200.jpg 300w, https:\/\/piramowicz.pl\/wp-content\/uploads\/2022\/10\/MK4J7330-768x512.jpg 768w\" sizes=\"(max-width: 1024px) 100vw, 1024px\" \/><\/figure>\n\n\n\n<figure class=\"wp-block-image size-full\"><img loading=\"lazy\" decoding=\"async\" width=\"1024\" height=\"683\" src=\"https:\/\/piramowicz.pl\/wp-content\/uploads\/2022\/10\/MK4J7391.jpg\" alt=\"Scena ze spektaklu przygotowanego przez teatr Res Humanae\" class=\"wp-image-1308\" srcset=\"https:\/\/piramowicz.pl\/wp-content\/uploads\/2022\/10\/MK4J7391.jpg 1024w, https:\/\/piramowicz.pl\/wp-content\/uploads\/2022\/10\/MK4J7391-300x200.jpg 300w, https:\/\/piramowicz.pl\/wp-content\/uploads\/2022\/10\/MK4J7391-768x512.jpg 768w\" sizes=\"(max-width: 1024px) 100vw, 1024px\" \/><\/figure>\n\n\n\n<figure class=\"wp-block-image size-full\"><img loading=\"lazy\" decoding=\"async\" width=\"683\" height=\"1024\" src=\"https:\/\/piramowicz.pl\/wp-content\/uploads\/2022\/10\/MK4J7396.jpg\" alt=\"Scena ze spektaklu przygotowanego przez teatr Res Humanae\" class=\"wp-image-1309\" srcset=\"https:\/\/piramowicz.pl\/wp-content\/uploads\/2022\/10\/MK4J7396.jpg 683w, https:\/\/piramowicz.pl\/wp-content\/uploads\/2022\/10\/MK4J7396-200x300.jpg 200w\" sizes=\"(max-width: 683px) 100vw, 683px\" \/><\/figure>\n\n\n\n<figure class=\"wp-block-image size-full\"><img loading=\"lazy\" decoding=\"async\" width=\"1024\" height=\"683\" src=\"https:\/\/piramowicz.pl\/wp-content\/uploads\/2022\/10\/MK4J7417.jpg\" alt=\"Scena ze spektaklu przygotowanego przez teatr Res Humanae\" class=\"wp-image-1310\" srcset=\"https:\/\/piramowicz.pl\/wp-content\/uploads\/2022\/10\/MK4J7417.jpg 1024w, https:\/\/piramowicz.pl\/wp-content\/uploads\/2022\/10\/MK4J7417-300x200.jpg 300w, https:\/\/piramowicz.pl\/wp-content\/uploads\/2022\/10\/MK4J7417-768x512.jpg 768w\" sizes=\"(max-width: 1024px) 100vw, 1024px\" \/><\/figure>\n\n\n\n<figure class=\"wp-block-image size-full\"><img loading=\"lazy\" decoding=\"async\" width=\"1024\" height=\"683\" src=\"https:\/\/piramowicz.pl\/wp-content\/uploads\/2022\/10\/MK4J7474.jpg\" alt=\"Scena ze spektaklu przygotowanego przez teatr Res Humanae\" class=\"wp-image-1311\" srcset=\"https:\/\/piramowicz.pl\/wp-content\/uploads\/2022\/10\/MK4J7474.jpg 1024w, https:\/\/piramowicz.pl\/wp-content\/uploads\/2022\/10\/MK4J7474-300x200.jpg 300w, https:\/\/piramowicz.pl\/wp-content\/uploads\/2022\/10\/MK4J7474-768x512.jpg 768w\" sizes=\"(max-width: 1024px) 100vw, 1024px\" \/><\/figure>\n\n\n\n<figure class=\"wp-block-image size-full\"><img loading=\"lazy\" decoding=\"async\" width=\"1024\" height=\"683\" src=\"https:\/\/piramowicz.pl\/wp-content\/uploads\/2022\/10\/MK4J7560.jpg\" alt=\"Pani dyrektor Anna Sus-Cilulko sk\u0142ada podzi\u0119kowania aktorom\" class=\"wp-image-1312\" srcset=\"https:\/\/piramowicz.pl\/wp-content\/uploads\/2022\/10\/MK4J7560.jpg 1024w, https:\/\/piramowicz.pl\/wp-content\/uploads\/2022\/10\/MK4J7560-300x200.jpg 300w, https:\/\/piramowicz.pl\/wp-content\/uploads\/2022\/10\/MK4J7560-768x512.jpg 768w\" sizes=\"(max-width: 1024px) 100vw, 1024px\" \/><\/figure>\n\n\n\n<figure class=\"wp-block-image size-full\"><img loading=\"lazy\" decoding=\"async\" width=\"1024\" height=\"683\" src=\"https:\/\/piramowicz.pl\/wp-content\/uploads\/2022\/10\/MK4J7573.jpg\" alt=\"Aktorzy, Pani dyrektor, zesp\u00f3\u0142 prowadz\u0105cy uroczysto\u015b\u0107 oraz minister Dariusz Piontkowski\" class=\"wp-image-1313\" srcset=\"https:\/\/piramowicz.pl\/wp-content\/uploads\/2022\/10\/MK4J7573.jpg 1024w, https:\/\/piramowicz.pl\/wp-content\/uploads\/2022\/10\/MK4J7573-300x200.jpg 300w, https:\/\/piramowicz.pl\/wp-content\/uploads\/2022\/10\/MK4J7573-768x512.jpg 768w\" sizes=\"(max-width: 1024px) 100vw, 1024px\" \/><\/figure>\n\n\n\n<figure class=\"wp-block-image size-full\"><img loading=\"lazy\" decoding=\"async\" width=\"1024\" height=\"683\" src=\"https:\/\/piramowicz.pl\/wp-content\/uploads\/2022\/10\/MK4J7603.jpg\" alt=\"Pozdrowienia od zespo\u0142u teatralnego i pani Bo\u017ceny Bendig\" class=\"wp-image-1314\" srcset=\"https:\/\/piramowicz.pl\/wp-content\/uploads\/2022\/10\/MK4J7603.jpg 1024w, https:\/\/piramowicz.pl\/wp-content\/uploads\/2022\/10\/MK4J7603-300x200.jpg 300w, https:\/\/piramowicz.pl\/wp-content\/uploads\/2022\/10\/MK4J7603-768x512.jpg 768w\" sizes=\"(max-width: 1024px) 100vw, 1024px\" \/><\/figure>\n","protected":false},"excerpt":{"rendered":"<p>12 pa\u017adziernika 2022 r. I LO obchodzi\u0142o uroczysty jubileusz, kt\u00f3ry na pewno pozostanie w pami\u0119ci wszystkich obecnych na \u015bwi\u0119cie Piramowicza. Jubileusz obj\u0105\u0142 honorowym patronatem Sekretarz Stanu w Ministerstwie Edukacji i Nauki Pan Dariusz Piontkowski. Uroczysto\u015b\u0107 rozpocz\u0119\u0142a si\u0119 od Mszy \u015awi\u0119tej celebrowanej przez Ksi\u0119dza Dziekana Wojciecha Jab\u0142o\u0144skiego i absolwenta szko\u0142y Ks. Kan. dr. Antoniego Skowro\u0144skiego w [&hellip;]<\/p>\n","protected":false},"author":2,"featured_media":1284,"comment_status":"closed","ping_status":"closed","sticky":false,"template":"","format":"standard","meta":{"site-sidebar-layout":"default","site-content-layout":"","ast-site-content-layout":"default","site-content-style":"default","site-sidebar-style":"default","ast-global-header-display":"","ast-banner-title-visibility":"","ast-main-header-display":"","ast-hfb-above-header-display":"","ast-hfb-below-header-display":"","ast-hfb-mobile-header-display":"","site-post-title":"","ast-breadcrumbs-content":"","ast-featured-img":"disabled","footer-sml-layout":"","ast-disable-related-posts":"","theme-transparent-header-meta":"","adv-header-id-meta":"","stick-header-meta":"","header-above-stick-meta":"","header-main-stick-meta":"","header-below-stick-meta":"","astra-migrate-meta-layouts":"default","ast-page-background-enabled":"default","ast-page-background-meta":{"desktop":{"background-color":"","background-image":"","background-repeat":"repeat","background-position":"center center","background-size":"auto","background-attachment":"scroll","background-type":"","background-media":"","overlay-type":"","overlay-color":"","overlay-opacity":"","overlay-gradient":""},"tablet":{"background-color":"","background-image":"","background-repeat":"repeat","background-position":"center center","background-size":"auto","background-attachment":"scroll","background-type":"","background-media":"","overlay-type":"","overlay-color":"","overlay-opacity":"","overlay-gradient":""},"mobile":{"background-color":"","background-image":"","background-repeat":"repeat","background-position":"center center","background-size":"auto","background-attachment":"scroll","background-type":"","background-media":"","overlay-type":"","overlay-color":"","overlay-opacity":"","overlay-gradient":""}},"ast-content-background-meta":{"desktop":{"background-color":"var(--ast-global-color-5)","background-image":"","background-repeat":"repeat","background-position":"center center","background-size":"auto","background-attachment":"scroll","background-type":"","background-media":"","overlay-type":"","overlay-color":"","overlay-opacity":"","overlay-gradient":""},"tablet":{"background-color":"var(--ast-global-color-5)","background-image":"","background-repeat":"repeat","background-position":"center center","background-size":"auto","background-attachment":"scroll","background-type":"","background-media":"","overlay-type":"","overlay-color":"","overlay-opacity":"","overlay-gradient":""},"mobile":{"background-color":"var(--ast-global-color-5)","background-image":"","background-repeat":"repeat","background-position":"center center","background-size":"auto","background-attachment":"scroll","background-type":"","background-media":"","overlay-type":"","overlay-color":"","overlay-opacity":"","overlay-gradient":""}},"footnotes":""},"categories":[25],"tags":[],"post_folder":[],"class_list":["post-1315","post","type-post","status-publish","format-standard","has-post-thumbnail","hentry","category-aktualnosci"],"_links":{"self":[{"href":"https:\/\/piramowicz.pl\/index.php\/wp-json\/wp\/v2\/posts\/1315","targetHints":{"allow":["GET"]}}],"collection":[{"href":"https:\/\/piramowicz.pl\/index.php\/wp-json\/wp\/v2\/posts"}],"about":[{"href":"https:\/\/piramowicz.pl\/index.php\/wp-json\/wp\/v2\/types\/post"}],"author":[{"embeddable":true,"href":"https:\/\/piramowicz.pl\/index.php\/wp-json\/wp\/v2\/users\/2"}],"replies":[{"embeddable":true,"href":"https:\/\/piramowicz.pl\/index.php\/wp-json\/wp\/v2\/comments?post=1315"}],"version-history":[{"count":8,"href":"https:\/\/piramowicz.pl\/index.php\/wp-json\/wp\/v2\/posts\/1315\/revisions"}],"predecessor-version":[{"id":1331,"href":"https:\/\/piramowicz.pl\/index.php\/wp-json\/wp\/v2\/posts\/1315\/revisions\/1331"}],"wp:featuredmedia":[{"embeddable":true,"href":"https:\/\/piramowicz.pl\/index.php\/wp-json\/wp\/v2\/media\/1284"}],"wp:attachment":[{"href":"https:\/\/piramowicz.pl\/index.php\/wp-json\/wp\/v2\/media?parent=1315"}],"wp:term":[{"taxonomy":"category","embeddable":true,"href":"https:\/\/piramowicz.pl\/index.php\/wp-json\/wp\/v2\/categories?post=1315"},{"taxonomy":"post_tag","embeddable":true,"href":"https:\/\/piramowicz.pl\/index.php\/wp-json\/wp\/v2\/tags?post=1315"},{"taxonomy":"post_folder","embeddable":true,"href":"https:\/\/piramowicz.pl\/index.php\/wp-json\/wp\/v2\/post_folder?post=1315"}],"curies":[{"name":"wp","href":"https:\/\/api.w.org\/{rel}","templated":true}]}}