{"id":1356,"date":"2022-10-20T17:32:05","date_gmt":"2022-10-20T15:32:05","guid":{"rendered":"https:\/\/piramowicz.pl\/?p=1356"},"modified":"2022-10-20T17:33:26","modified_gmt":"2022-10-20T15:33:26","slug":"sukcesy-uczestnikow-xxx-wojewodzkiego-festiwalu-piosenki-i-poezji-patriotycznej","status":"publish","type":"post","link":"https:\/\/piramowicz.pl\/index.php\/2022\/10\/20\/sukcesy-uczestnikow-xxx-wojewodzkiego-festiwalu-piosenki-i-poezji-patriotycznej\/","title":{"rendered":"Sukcesy uczestnik\u00f3w XXX Wojew\u00f3dzkiego Festiwalu Piosenki i Poezji Patriotycznej"},"content":{"rendered":"\n<p>I Liceum Og\u00f3lnokszta\u0142c\u0105ce im. Marii Konopnickiej w Suwa\u0142kach od 30 lat organizuje Wojew\u00f3dzki Festiwal Piosenki i Poezji Patriotycznej. Od lat odnosz\u0105 te\u017c na nim sukcesy nasi uczniowie.<\/p>\n\n\n\n<p>W tym roku z okazji jubileuszu impreza mia\u0142a wyj\u0105tkowo uroczysty charakter. 17 pa\u017adziernika 2022 r. w murach suwalskiej szko\u0142y pojawili si\u0119 bowiem go\u015bcie: Minister Edukacji i Nauki, Pose\u0142 na Sejm Rzeczypospolitej Polskiej \u2013 <strong>Dariusz Piontkowski<\/strong>, Pose\u0142 na Sejm Rzeczypospolitej Polskiej \u2013 <strong>Jaros\u0142aw Zieli\u0144ski<\/strong> oraz Podlaski Kurator O\u015bwiaty \u2013 <strong>Beata Pietruszka<\/strong>, kt\u00f3rzy wr\u0119czyli podzi\u0119kowania nauczycielom przygotowuj\u0105cym od wielu lat uczestnik\u00f3w konkursu i pracuj\u0105cym w jury. W\u015br\u00f3d wyr\u00f3\u017cnionych znalaz\u0142a si\u0119 profesor <strong>Bo\u017cena Bendig<\/strong>.<\/p>\n\n\n\n<p>Festiwal zako\u0144czy\u0142 si\u0119 w godzinach wieczornych, bowiem uczestniczy\u0142o w nim ponad 100 wykonawc\u00f3w, kt\u00f3rzy wyst\u0105pili w trzech kategoriach: piosenki, poezji i tw\u00f3rczo\u015bci w\u0142asnej Wszyscy reprezentanci I Liceum Og\u00f3lnokszta\u0142c\u0105cego im. Grzegorza Piramowicza w&nbsp;Augustowie wr\u00f3cili z nagrodami.<\/p>\n\n\n\n<p>Kategoria piosenki:<br><strong>I miejsce<\/strong> zaj\u0119li <strong>Adam Long<\/strong> z zespo\u0142em w sk\u0142adzie: <strong>Amelia Erfort<\/strong> (wiolonczela), <strong>Piotr Jab\u0142o\u0144ski<\/strong> (gitara), <strong>Melania Nikolopoulou<\/strong> (skrzypce), <strong>Kinga Wawi\u00f3rko<\/strong> (skrzypce); natomiast <strong>Oliwia Piekarska<\/strong>, kt\u00f3rej akompaniowa\u0142 <strong>ks. \u0141ukasz Malinowski<\/strong> (klawisze), zaj\u0119\u0142a <strong>III miejsce<\/strong>.<\/p>\n\n\n\n<p>Kategoria tw\u00f3rczo\u015bci w\u0142asnej:<br>Wiersze <strong>Justyny Borowskiej<\/strong> \u201eA\u017c po kres\u201d oraz <strong>Aleksandry Siedleckiej<\/strong> \u201eCa\u0142a w bliznach\u201d zosta\u0142y nagrodzone <strong>III lokat\u0105<\/strong>.<\/p>\n\n\n\n<p><strong>Wszystkim uczestnikom, ich opiekunom artystycznym oraz osobom wspieraj\u0105cym sk\u0142adamy serdeczne gratulacje i \u017cyczymy kolejnych sukces\u00f3w na polu artystycznym!<\/strong><\/p>\n\n\n\n<figure class=\"wp-block-image size-large\"><img fetchpriority=\"high\" decoding=\"async\" width=\"1024\" height=\"768\" src=\"https:\/\/piramowicz.pl\/wp-content\/uploads\/2022\/10\/kpp17.10-1-1024x768.jpg\" alt=\"Wyst\u0119p Oliwii Piekarskiej\" class=\"wp-image-1355\" srcset=\"https:\/\/piramowicz.pl\/wp-content\/uploads\/2022\/10\/kpp17.10-1-1024x768.jpg 1024w, https:\/\/piramowicz.pl\/wp-content\/uploads\/2022\/10\/kpp17.10-1-300x225.jpg 300w, https:\/\/piramowicz.pl\/wp-content\/uploads\/2022\/10\/kpp17.10-1-768x576.jpg 768w, https:\/\/piramowicz.pl\/wp-content\/uploads\/2022\/10\/kpp17.10-1.jpg 1200w\" sizes=\"(max-width: 1024px) 100vw, 1024px\" \/><figcaption>Wyst\u0119p Oliwii Piekarskiej<\/figcaption><\/figure>\n","protected":false},"excerpt":{"rendered":"<p>I Liceum Og\u00f3lnokszta\u0142c\u0105ce im. Marii Konopnickiej w Suwa\u0142kach od 30 lat organizuje Wojew\u00f3dzki Festiwal Piosenki i Poezji Patriotycznej. Od lat odnosz\u0105 te\u017c na nim sukcesy nasi uczniowie. W tym roku z okazji jubileuszu impreza mia\u0142a wyj\u0105tkowo uroczysty charakter. 17 pa\u017adziernika 2022 r. w murach suwalskiej szko\u0142y pojawili si\u0119 bowiem go\u015bcie: Minister Edukacji i Nauki, Pose\u0142 [&hellip;]<\/p>\n","protected":false},"author":2,"featured_media":1355,"comment_status":"closed","ping_status":"closed","sticky":false,"template":"","format":"standard","meta":{"site-sidebar-layout":"default","site-content-layout":"","ast-site-content-layout":"default","site-content-style":"default","site-sidebar-style":"default","ast-global-header-display":"","ast-banner-title-visibility":"","ast-main-header-display":"","ast-hfb-above-header-display":"","ast-hfb-below-header-display":"","ast-hfb-mobile-header-display":"","site-post-title":"","ast-breadcrumbs-content":"","ast-featured-img":"disabled","footer-sml-layout":"","ast-disable-related-posts":"","theme-transparent-header-meta":"","adv-header-id-meta":"","stick-header-meta":"","header-above-stick-meta":"","header-main-stick-meta":"","header-below-stick-meta":"","astra-migrate-meta-layouts":"default","ast-page-background-enabled":"default","ast-page-background-meta":{"desktop":{"background-color":"","background-image":"","background-repeat":"repeat","background-position":"center center","background-size":"auto","background-attachment":"scroll","background-type":"","background-media":"","overlay-type":"","overlay-color":"","overlay-opacity":"","overlay-gradient":""},"tablet":{"background-color":"","background-image":"","background-repeat":"repeat","background-position":"center center","background-size":"auto","background-attachment":"scroll","background-type":"","background-media":"","overlay-type":"","overlay-color":"","overlay-opacity":"","overlay-gradient":""},"mobile":{"background-color":"","background-image":"","background-repeat":"repeat","background-position":"center center","background-size":"auto","background-attachment":"scroll","background-type":"","background-media":"","overlay-type":"","overlay-color":"","overlay-opacity":"","overlay-gradient":""}},"ast-content-background-meta":{"desktop":{"background-color":"var(--ast-global-color-5)","background-image":"","background-repeat":"repeat","background-position":"center center","background-size":"auto","background-attachment":"scroll","background-type":"","background-media":"","overlay-type":"","overlay-color":"","overlay-opacity":"","overlay-gradient":""},"tablet":{"background-color":"var(--ast-global-color-5)","background-image":"","background-repeat":"repeat","background-position":"center center","background-size":"auto","background-attachment":"scroll","background-type":"","background-media":"","overlay-type":"","overlay-color":"","overlay-opacity":"","overlay-gradient":""},"mobile":{"background-color":"var(--ast-global-color-5)","background-image":"","background-repeat":"repeat","background-position":"center center","background-size":"auto","background-attachment":"scroll","background-type":"","background-media":"","overlay-type":"","overlay-color":"","overlay-opacity":"","overlay-gradient":""}},"footnotes":""},"categories":[25],"tags":[],"post_folder":[],"class_list":["post-1356","post","type-post","status-publish","format-standard","has-post-thumbnail","hentry","category-aktualnosci"],"_links":{"self":[{"href":"https:\/\/piramowicz.pl\/index.php\/wp-json\/wp\/v2\/posts\/1356","targetHints":{"allow":["GET"]}}],"collection":[{"href":"https:\/\/piramowicz.pl\/index.php\/wp-json\/wp\/v2\/posts"}],"about":[{"href":"https:\/\/piramowicz.pl\/index.php\/wp-json\/wp\/v2\/types\/post"}],"author":[{"embeddable":true,"href":"https:\/\/piramowicz.pl\/index.php\/wp-json\/wp\/v2\/users\/2"}],"replies":[{"embeddable":true,"href":"https:\/\/piramowicz.pl\/index.php\/wp-json\/wp\/v2\/comments?post=1356"}],"version-history":[{"count":2,"href":"https:\/\/piramowicz.pl\/index.php\/wp-json\/wp\/v2\/posts\/1356\/revisions"}],"predecessor-version":[{"id":1358,"href":"https:\/\/piramowicz.pl\/index.php\/wp-json\/wp\/v2\/posts\/1356\/revisions\/1358"}],"wp:featuredmedia":[{"embeddable":true,"href":"https:\/\/piramowicz.pl\/index.php\/wp-json\/wp\/v2\/media\/1355"}],"wp:attachment":[{"href":"https:\/\/piramowicz.pl\/index.php\/wp-json\/wp\/v2\/media?parent=1356"}],"wp:term":[{"taxonomy":"category","embeddable":true,"href":"https:\/\/piramowicz.pl\/index.php\/wp-json\/wp\/v2\/categories?post=1356"},{"taxonomy":"post_tag","embeddable":true,"href":"https:\/\/piramowicz.pl\/index.php\/wp-json\/wp\/v2\/tags?post=1356"},{"taxonomy":"post_folder","embeddable":true,"href":"https:\/\/piramowicz.pl\/index.php\/wp-json\/wp\/v2\/post_folder?post=1356"}],"curies":[{"name":"wp","href":"https:\/\/api.w.org\/{rel}","templated":true}]}}