{"id":1719,"date":"2023-02-20T18:13:24","date_gmt":"2023-02-20T17:13:24","guid":{"rendered":"https:\/\/piramowicz.pl\/?p=1719"},"modified":"2023-02-20T18:17:50","modified_gmt":"2023-02-20T17:17:50","slug":"zbiorka-klas-oddzialow-przygotowania-wojskowego","status":"publish","type":"post","link":"https:\/\/piramowicz.pl\/index.php\/2023\/02\/20\/zbiorka-klas-oddzialow-przygotowania-wojskowego\/","title":{"rendered":"Uroczysta zbi\u00f3rka klas oddzia\u0142\u00f3w przygotowania wojskowego"},"content":{"rendered":"\n<p>W dniu 17.02.2023 r. w przeddzie\u0144 105 rocznicy \u015bmierci p\u0142k. Boles\u0142awa Mo\u015bcickiego, Dow\u00f3dcy Szefa 1 Pu\u0142ku U\u0142an\u00f3w Krechowieckich, odby\u0142a si\u0119 uroczysta zbi\u00f3rka wszystkich klas oddzia\u0142\u00f3w przygotowania wojskowego funkcjonuj\u0105cych w naszej szkole od 1 wrze\u015bnia 2020 r. Dow\u00f3dc\u0105 uroczysto\u015bci by\u0142 pp\u0142k. rez. Waldemar Siedlecki.<\/p>\n\n\n\n<p>Podczas uroczysto\u015bci Starosta Augustowski Pan Jaros\u0142aw Szlaszy\u0144ski udzieli\u0142 pochwa\u0142 wyr\u00f3\u017cniaj\u0105cym si\u0119 i zaanga\u017cowanym w proces szkolenia wojskowego kadetom, kt\u00f3rzy godnie reprezentuj\u0105 Oddzia\u0142 Przygotowania Wojskowego im. 1 Pu\u0142ku U\u0142an\u00f3w Krechowieckich w trakcie uroczysto\u015bci patriotycznych. Uroczyst\u0105 zbi\u00f3rk\u0119 zako\u0144czy\u0142a defilada klas Oddzia\u0142u Przygotowania Wojskowego prowadzona przez mjr. rez. Marka \u0141ebskiego.<\/p>\n\n\n\n<p>W uroczysto\u015bci wzi\u0119li udzia\u0142: Starosta Augustowski Jaros\u0142aw Szlaszy\u0144ski, cz\u0142onek Zarz\u0105du Powiatu w Piszu Waldemar Brenda, Bo\u017cenna Kondracka \u2013 Naczelnik Wydzia\u0142u O\u015bwiaty, Kultury i Sportu Starostwa Powiatowego, Joanna Ja\u015bko &#8211; Naczelnik Wydzia\u0142u Promocji i Rozwoju Powiatu, Zbigniew Kaszlej &#8211; Naczelnik Wydzia\u0142u Organizacyjno-Prawnego, Anna Sus-Cilulko- Dyrektor ZSO, El\u017cbieta Buziuk \u2013 Wicedyrektor ZSO, oraz wychowawcy klas przygotowania wojskowego.<\/p>\n\n\n\n<p>fot. Martyna Chodacz<\/p>\n\n\n\n<figure class=\"wp-block-image size-full\"><img fetchpriority=\"high\" decoding=\"async\" width=\"1200\" height=\"800\" src=\"https:\/\/piramowicz.pl\/wp-content\/uploads\/2023\/02\/zbOWP17.02-1.jpg\" alt=\"Poczty sztandarowe w czasie uroczystej zbi\u00f3rki\" class=\"wp-image-1712\" srcset=\"https:\/\/piramowicz.pl\/wp-content\/uploads\/2023\/02\/zbOWP17.02-1.jpg 1200w, https:\/\/piramowicz.pl\/wp-content\/uploads\/2023\/02\/zbOWP17.02-1-300x200.jpg 300w, https:\/\/piramowicz.pl\/wp-content\/uploads\/2023\/02\/zbOWP17.02-1-1024x683.jpg 1024w, https:\/\/piramowicz.pl\/wp-content\/uploads\/2023\/02\/zbOWP17.02-1-768x512.jpg 768w\" sizes=\"(max-width: 1200px) 100vw, 1200px\" \/><figcaption class=\"wp-element-caption\">Poczty sztandarowe w czasie uroczystej zbi\u00f3rki<\/figcaption><\/figure>\n\n\n\n<figure class=\"wp-block-image size-full\"><img decoding=\"async\" width=\"1200\" height=\"800\" src=\"https:\/\/piramowicz.pl\/wp-content\/uploads\/2023\/02\/zbOWP17.02-2.jpg\" alt=\"Pan starosta Jaros\u0142aw Szlaszy\u0144ski odbiera meldunek od dow\u00f3dcy uroczysto\u015bci\" class=\"wp-image-1713\" srcset=\"https:\/\/piramowicz.pl\/wp-content\/uploads\/2023\/02\/zbOWP17.02-2.jpg 1200w, https:\/\/piramowicz.pl\/wp-content\/uploads\/2023\/02\/zbOWP17.02-2-300x200.jpg 300w, https:\/\/piramowicz.pl\/wp-content\/uploads\/2023\/02\/zbOWP17.02-2-1024x683.jpg 1024w, https:\/\/piramowicz.pl\/wp-content\/uploads\/2023\/02\/zbOWP17.02-2-768x512.jpg 768w\" sizes=\"(max-width: 1200px) 100vw, 1200px\" \/><figcaption class=\"wp-element-caption\">Pan starosta Jaros\u0142aw Szlaszy\u0144ski odbiera meldunek od dow\u00f3dcy uroczysto\u015bci<\/figcaption><\/figure>\n\n\n\n<figure class=\"wp-block-image size-full\"><img decoding=\"async\" width=\"1200\" height=\"800\" src=\"https:\/\/piramowicz.pl\/wp-content\/uploads\/2023\/02\/zbOWP17.02-3.jpg\" alt=\"Przegl\u0105d oddzia\u0142\u00f3w przygotowania wojskowego\" class=\"wp-image-1714\" srcset=\"https:\/\/piramowicz.pl\/wp-content\/uploads\/2023\/02\/zbOWP17.02-3.jpg 1200w, https:\/\/piramowicz.pl\/wp-content\/uploads\/2023\/02\/zbOWP17.02-3-300x200.jpg 300w, https:\/\/piramowicz.pl\/wp-content\/uploads\/2023\/02\/zbOWP17.02-3-1024x683.jpg 1024w, https:\/\/piramowicz.pl\/wp-content\/uploads\/2023\/02\/zbOWP17.02-3-768x512.jpg 768w\" sizes=\"(max-width: 1200px) 100vw, 1200px\" \/><figcaption class=\"wp-element-caption\">Przegl\u0105d oddzia\u0142\u00f3w przygotowania wojskowego<\/figcaption><\/figure>\n\n\n\n<figure class=\"wp-block-image size-full\"><img loading=\"lazy\" decoding=\"async\" width=\"1200\" height=\"800\" src=\"https:\/\/piramowicz.pl\/wp-content\/uploads\/2023\/02\/zbOWP17.02-4.jpg\" alt=\"Poczet sztandarowy i oddzia\u0142 przygotowania wojskowego na zbi\u00f3rce\" class=\"wp-image-1715\" srcset=\"https:\/\/piramowicz.pl\/wp-content\/uploads\/2023\/02\/zbOWP17.02-4.jpg 1200w, https:\/\/piramowicz.pl\/wp-content\/uploads\/2023\/02\/zbOWP17.02-4-300x200.jpg 300w, https:\/\/piramowicz.pl\/wp-content\/uploads\/2023\/02\/zbOWP17.02-4-1024x683.jpg 1024w, https:\/\/piramowicz.pl\/wp-content\/uploads\/2023\/02\/zbOWP17.02-4-768x512.jpg 768w\" sizes=\"(max-width: 1200px) 100vw, 1200px\" \/><figcaption class=\"wp-element-caption\">Poczet sztandarowy i oddzia\u0142 przygotowania wojskowego na zbi\u00f3rce<\/figcaption><\/figure>\n\n\n\n<figure class=\"wp-block-image size-full\"><img loading=\"lazy\" decoding=\"async\" width=\"1200\" height=\"800\" src=\"https:\/\/piramowicz.pl\/wp-content\/uploads\/2023\/02\/zbOWP17.02-5.jpg\" alt=\"Oddzia\u0142 przygotowania wojskowego na zbi\u00f3rce\" class=\"wp-image-1716\" srcset=\"https:\/\/piramowicz.pl\/wp-content\/uploads\/2023\/02\/zbOWP17.02-5.jpg 1200w, https:\/\/piramowicz.pl\/wp-content\/uploads\/2023\/02\/zbOWP17.02-5-300x200.jpg 300w, https:\/\/piramowicz.pl\/wp-content\/uploads\/2023\/02\/zbOWP17.02-5-1024x683.jpg 1024w, https:\/\/piramowicz.pl\/wp-content\/uploads\/2023\/02\/zbOWP17.02-5-768x512.jpg 768w\" sizes=\"(max-width: 1200px) 100vw, 1200px\" \/><figcaption class=\"wp-element-caption\">Oddzia\u0142 przygotowania wojskowego na zbi\u00f3rce<\/figcaption><\/figure>\n\n\n\n<figure class=\"wp-block-image size-full\"><img loading=\"lazy\" decoding=\"async\" width=\"1200\" height=\"800\" src=\"https:\/\/piramowicz.pl\/wp-content\/uploads\/2023\/02\/zbOWP17.02-6.jpg\" alt=\"Go\u015bcie zaproszeni na uroczyst\u0105 zbi\u00f3rk\u0119\" class=\"wp-image-1717\" srcset=\"https:\/\/piramowicz.pl\/wp-content\/uploads\/2023\/02\/zbOWP17.02-6.jpg 1200w, https:\/\/piramowicz.pl\/wp-content\/uploads\/2023\/02\/zbOWP17.02-6-300x200.jpg 300w, https:\/\/piramowicz.pl\/wp-content\/uploads\/2023\/02\/zbOWP17.02-6-1024x683.jpg 1024w, https:\/\/piramowicz.pl\/wp-content\/uploads\/2023\/02\/zbOWP17.02-6-768x512.jpg 768w\" sizes=\"(max-width: 1200px) 100vw, 1200px\" \/><figcaption class=\"wp-element-caption\">Go\u015bcie zaproszeni na uroczyst\u0105 zbi\u00f3rk\u0119<\/figcaption><\/figure>\n\n\n\n<figure class=\"wp-block-image size-full\"><img loading=\"lazy\" decoding=\"async\" width=\"1200\" height=\"800\" src=\"https:\/\/piramowicz.pl\/wp-content\/uploads\/2023\/02\/zbOWP17.02-7.jpg\" alt=\"Defilada oddzia\u0142\u00f3w przygotowania wojskowego prowadzona przez mjr. rez. Marka \u0141ebskiego\" class=\"wp-image-1718\" srcset=\"https:\/\/piramowicz.pl\/wp-content\/uploads\/2023\/02\/zbOWP17.02-7.jpg 1200w, https:\/\/piramowicz.pl\/wp-content\/uploads\/2023\/02\/zbOWP17.02-7-300x200.jpg 300w, https:\/\/piramowicz.pl\/wp-content\/uploads\/2023\/02\/zbOWP17.02-7-1024x683.jpg 1024w, https:\/\/piramowicz.pl\/wp-content\/uploads\/2023\/02\/zbOWP17.02-7-768x512.jpg 768w\" sizes=\"(max-width: 1200px) 100vw, 1200px\" \/><figcaption class=\"wp-element-caption\">Defilada oddzia\u0142\u00f3w przygotowania wojskowego prowadzona przez mjr. rez. Marka \u0141ebskiego<\/figcaption><\/figure>\n","protected":false},"excerpt":{"rendered":"<p>W dniu 17.02.2023 r. w przeddzie\u0144 105 rocznicy \u015bmierci p\u0142k. Boles\u0142awa Mo\u015bcickiego, Dow\u00f3dcy Szefa 1 Pu\u0142ku U\u0142an\u00f3w Krechowieckich, odby\u0142a si\u0119 uroczysta zbi\u00f3rka wszystkich klas oddzia\u0142\u00f3w przygotowania wojskowego funkcjonuj\u0105cych w naszej szkole od 1 wrze\u015bnia 2020 r. Dow\u00f3dc\u0105 uroczysto\u015bci by\u0142 pp\u0142k. rez. Waldemar Siedlecki. Podczas uroczysto\u015bci Starosta Augustowski Pan Jaros\u0142aw Szlaszy\u0144ski udzieli\u0142 pochwa\u0142 wyr\u00f3\u017cniaj\u0105cym si\u0119 i [&hellip;]<\/p>\n","protected":false},"author":2,"featured_media":1718,"comment_status":"closed","ping_status":"closed","sticky":false,"template":"","format":"standard","meta":{"site-sidebar-layout":"default","site-content-layout":"","ast-site-content-layout":"default","site-content-style":"default","site-sidebar-style":"default","ast-global-header-display":"","ast-banner-title-visibility":"","ast-main-header-display":"","ast-hfb-above-header-display":"","ast-hfb-below-header-display":"","ast-hfb-mobile-header-display":"","site-post-title":"","ast-breadcrumbs-content":"","ast-featured-img":"disabled","footer-sml-layout":"","ast-disable-related-posts":"","theme-transparent-header-meta":"","adv-header-id-meta":"","stick-header-meta":"","header-above-stick-meta":"","header-main-stick-meta":"","header-below-stick-meta":"","astra-migrate-meta-layouts":"default","ast-page-background-enabled":"default","ast-page-background-meta":{"desktop":{"background-color":"","background-image":"","background-repeat":"repeat","background-position":"center center","background-size":"auto","background-attachment":"scroll","background-type":"","background-media":"","overlay-type":"","overlay-color":"","overlay-opacity":"","overlay-gradient":""},"tablet":{"background-color":"","background-image":"","background-repeat":"repeat","background-position":"center center","background-size":"auto","background-attachment":"scroll","background-type":"","background-media":"","overlay-type":"","overlay-color":"","overlay-opacity":"","overlay-gradient":""},"mobile":{"background-color":"","background-image":"","background-repeat":"repeat","background-position":"center center","background-size":"auto","background-attachment":"scroll","background-type":"","background-media":"","overlay-type":"","overlay-color":"","overlay-opacity":"","overlay-gradient":""}},"ast-content-background-meta":{"desktop":{"background-color":"var(--ast-global-color-5)","background-image":"","background-repeat":"repeat","background-position":"center center","background-size":"auto","background-attachment":"scroll","background-type":"","background-media":"","overlay-type":"","overlay-color":"","overlay-opacity":"","overlay-gradient":""},"tablet":{"background-color":"var(--ast-global-color-5)","background-image":"","background-repeat":"repeat","background-position":"center center","background-size":"auto","background-attachment":"scroll","background-type":"","background-media":"","overlay-type":"","overlay-color":"","overlay-opacity":"","overlay-gradient":""},"mobile":{"background-color":"var(--ast-global-color-5)","background-image":"","background-repeat":"repeat","background-position":"center center","background-size":"auto","background-attachment":"scroll","background-type":"","background-media":"","overlay-type":"","overlay-color":"","overlay-opacity":"","overlay-gradient":""}},"footnotes":""},"categories":[25],"tags":[],"post_folder":[],"class_list":["post-1719","post","type-post","status-publish","format-standard","has-post-thumbnail","hentry","category-aktualnosci"],"_links":{"self":[{"href":"https:\/\/piramowicz.pl\/index.php\/wp-json\/wp\/v2\/posts\/1719","targetHints":{"allow":["GET"]}}],"collection":[{"href":"https:\/\/piramowicz.pl\/index.php\/wp-json\/wp\/v2\/posts"}],"about":[{"href":"https:\/\/piramowicz.pl\/index.php\/wp-json\/wp\/v2\/types\/post"}],"author":[{"embeddable":true,"href":"https:\/\/piramowicz.pl\/index.php\/wp-json\/wp\/v2\/users\/2"}],"replies":[{"embeddable":true,"href":"https:\/\/piramowicz.pl\/index.php\/wp-json\/wp\/v2\/comments?post=1719"}],"version-history":[{"count":4,"href":"https:\/\/piramowicz.pl\/index.php\/wp-json\/wp\/v2\/posts\/1719\/revisions"}],"predecessor-version":[{"id":1723,"href":"https:\/\/piramowicz.pl\/index.php\/wp-json\/wp\/v2\/posts\/1719\/revisions\/1723"}],"wp:featuredmedia":[{"embeddable":true,"href":"https:\/\/piramowicz.pl\/index.php\/wp-json\/wp\/v2\/media\/1718"}],"wp:attachment":[{"href":"https:\/\/piramowicz.pl\/index.php\/wp-json\/wp\/v2\/media?parent=1719"}],"wp:term":[{"taxonomy":"category","embeddable":true,"href":"https:\/\/piramowicz.pl\/index.php\/wp-json\/wp\/v2\/categories?post=1719"},{"taxonomy":"post_tag","embeddable":true,"href":"https:\/\/piramowicz.pl\/index.php\/wp-json\/wp\/v2\/tags?post=1719"},{"taxonomy":"post_folder","embeddable":true,"href":"https:\/\/piramowicz.pl\/index.php\/wp-json\/wp\/v2\/post_folder?post=1719"}],"curies":[{"name":"wp","href":"https:\/\/api.w.org\/{rel}","templated":true}]}}