{"id":2169,"date":"2023-10-30T21:50:47","date_gmt":"2023-10-30T20:50:47","guid":{"rendered":"https:\/\/piramowicz.pl\/?p=2169"},"modified":"2023-10-30T21:52:19","modified_gmt":"2023-10-30T20:52:19","slug":"powiatory-konkurs-tozsamosc-polaka","status":"publish","type":"post","link":"https:\/\/piramowicz.pl\/index.php\/2023\/10\/30\/powiatory-konkurs-tozsamosc-polaka\/","title":{"rendered":"Powiatowy Konkurs To\u017csamo\u015b\u0107 Polaka"},"content":{"rendered":"\n<p class=\"has-text-align-left\">To\u017csamo\u015b\u0107 Polaka<br>POWIATOWY KONKURS DLA UCZNI\u00d3W SZK\u00d3\u0141 PONADPODSTAWOWYCH i PODSTAWOWYCH<br>POD PATRONATEM STAROSTY POWIATU AUGUSTOWSKIEGO<br>XII EDYCJA<br>M\u0142odzi patrioci w literaturze<\/p>\n\n\n\n<p class=\"has-text-align-right\">Motto tegorocznej edycji:<br><em>M\u0142odo\u015bci! orla twych lot\u00f3w pot\u0119ga,<br>Jako piorun twoje rami\u0119!<br><\/em>\u200b\u200b\u200b\u200b\u200b Adam Mickiewicz<\/p>\n\n\n\n<p>FINA\u0141 KONKURSU<br>6 listopada 2023 r. godz. 10.00,<br>sala teatralna I LO, \u015ar\u00f3dmie\u015bcie 31<br>I Liceum Og\u00f3lnokszta\u0142c\u0105ce im. Grzegorza Piramowicza w Augustowie zaprasza uczni\u00f3w szk\u00f3\u0142 ponadpodstawowych<br>oraz klas VIII szk\u00f3\u0142 podstawowych powiatu augustowskiego do udzia\u0142u w konkursie tw\u00f3rczo\u015bci patriotycznej.<\/p>\n\n\n\n<p>ZA\u0141O\u017bENIA ORGANIZACYJNE<br>Celem konkursu jest upami\u0119tnienie wk\u0142adu m\u0142odego pokolenia w kszta\u0142towanie polskiej to\u017csamo\u015bci. Konkurs przebiega w dw\u00f3ch kategoriach:<\/p>\n\n\n\n<p>KATEGORIA TW\u00d3RCZO\u015aCI W\u0141ASNEJ<br>&#8211; W\u0142asny tekst poetycki lub prozatorski: jeden wiersz lub tekst proz\u0105 (do jednej strony formatu A 4), opatrzony god\u0142em s\u0142ownym, inspirowany has\u0142em i mottem konkursu (w osobnym dokumencie podpisanym god\u0142em prosimy o podanie danych uczestnika: imi\u0119, nazwisko, klasa, szko\u0142a i danych nauczyciela \u2013 opiekuna: imi\u0119, nazwisko, kontakt telefoniczny).<br>&#8211; Og\u0142oszenie wynik\u00f3w i prezentacja nagrodzonych prac nast\u0105pi w czasie fina\u0142u konkursu.<br>&#8211; Prace nale\u017cy przes\u0142a\u0107 do organizatora na adres mailowy Ma\u0142gorzaty Lendy malgorzata.lenda_zso@st.augustow.wrotapodlasia.pl<br>do 30 pa\u017adziernika 2023 roku. Prosimy o przestrzeganie terminu wp\u0142ywu prac. Temat: To\u017csamo\u015b\u0107 Polaka.<\/p>\n\n\n\n<p>KONKURS \u017bYWEGO S\u0141OWA<br>Prezentacja teatralna: indywidualna lub zbiorowa (do 3 os\u00f3b) z mo\u017cliwo\u015bci\u0105 wykorzystania pozas\u0142ownych tworzyw scenicznych, np. muzyki, kostiumu, rekwizytu, gestu. Uczestnicy powinni wybra\u0107 do prezentacji teksty lub ich fragmenty o tematyce powi\u0105zanej z&nbsp;has\u0142em tegorocznej edycji. W wymienionej kategorii obowi\u0105zuje ograniczona liczba wykonawc\u00f3w z jednej szko\u0142y (po 3 osoby lub grupy). Ewentualny udzia\u0142 dodatkowych uczestnik\u00f3w nale\u017cy uzgodni\u0107 z organizatorami po terminie zg\u0142osze\u0144.<\/p>\n\n\n\n<p>Zg\u0142oszenia nale\u017cy przes\u0142a\u0107 za pomoc\u0105 poczty elektronicznej<br>do 31 pa\u017adziernika 2023 roku na adres mailowy Bo\u017ceny Bendig: bozena.bendig_zso@st.augustow.wrotapodlasia.pl<br>Temat: To\u017csamo\u015b\u0107 Polaka. Tak jak w latach poprzednich imprezie fina\u0142owej b\u0119dzie towarzyszy\u0107 spotkanie z zaproszonym go\u015bciem \u2013 powi\u0105zane tematycznie z has\u0142em XII edycji konkursu.<\/p>\n\n\n\n<p>UWAGI ORGANIZACYJNE<br>Prosimy o dostarczenie do organizator\u00f3w lub sekretariatu I LO zgody rodzic\u00f3w niepe\u0142noletnich uczestnik\u00f3w albo uczestnik\u00f3w (osoby pe\u0142noletnie) i ich nauczycieli \u2013 opiekun\u00f3w na przetwarzanie danych osobowych i publikacj\u0119 wizerunku lub tekstu literackiego w zwi\u0105zku z udzia\u0142em w konkursie oraz og\u0142oszeniem wynik\u00f3w na stronie organizatora i w mediach lokalnych. Uczestnik\u00f3w konkursu literackiego prosimy ponadto o do\u0142\u0105czenie o\u015bwiadczenia o samodzielno\u015bci zg\u0142oszonej pracy, co nie wyklucza poradnictwa nauczyciela (wzory o\u015bwiadcze\u0144 w za\u0142\u0105czeniu). Podanie danych osobowych ma charakter dobrowolny, ale jest niezb\u0119dne do udzia\u0142u w konkursie.\u200b\u200b\u200b\u200b\u200b\u200b\u200b<\/p>\n\n\n\n<p>Zapraszamy w imieniu organizator\u00f3w<br>\u200b\u200b\u200b\u200b\u200bBo\u017cena Bendig, Ma\u0142gorzata Lenda<\/p>\n","protected":false},"excerpt":{"rendered":"<p>To\u017csamo\u015b\u0107 PolakaPOWIATOWY KONKURS DLA UCZNI\u00d3W SZK\u00d3\u0141 PONADPODSTAWOWYCH i PODSTAWOWYCHPOD PATRONATEM STAROSTY POWIATU AUGUSTOWSKIEGOXII EDYCJAM\u0142odzi patrioci w literaturze Motto tegorocznej edycji:M\u0142odo\u015bci! orla twych lot\u00f3w pot\u0119ga,Jako piorun twoje rami\u0119!\u200b\u200b\u200b\u200b\u200b Adam Mickiewicz FINA\u0141 KONKURSU6 listopada 2023 r. godz. 10.00,sala teatralna I LO, \u015ar\u00f3dmie\u015bcie 31I Liceum Og\u00f3lnokszta\u0142c\u0105ce im. Grzegorza Piramowicza w Augustowie zaprasza uczni\u00f3w szk\u00f3\u0142 ponadpodstawowychoraz klas VIII szk\u00f3\u0142 [&hellip;]<\/p>\n","protected":false},"author":2,"featured_media":0,"comment_status":"closed","ping_status":"closed","sticky":false,"template":"","format":"standard","meta":{"site-sidebar-layout":"default","site-content-layout":"","ast-site-content-layout":"default","site-content-style":"default","site-sidebar-style":"default","ast-global-header-display":"","ast-banner-title-visibility":"","ast-main-header-display":"","ast-hfb-above-header-display":"","ast-hfb-below-header-display":"","ast-hfb-mobile-header-display":"","site-post-title":"","ast-breadcrumbs-content":"","ast-featured-img":"","footer-sml-layout":"","ast-disable-related-posts":"","theme-transparent-header-meta":"","adv-header-id-meta":"","stick-header-meta":"","header-above-stick-meta":"","header-main-stick-meta":"","header-below-stick-meta":"","astra-migrate-meta-layouts":"set","ast-page-background-enabled":"default","ast-page-background-meta":{"desktop":{"background-color":"","background-image":"","background-repeat":"repeat","background-position":"center center","background-size":"auto","background-attachment":"scroll","background-type":"","background-media":"","overlay-type":"","overlay-color":"","overlay-opacity":"","overlay-gradient":""},"tablet":{"background-color":"","background-image":"","background-repeat":"repeat","background-position":"center center","background-size":"auto","background-attachment":"scroll","background-type":"","background-media":"","overlay-type":"","overlay-color":"","overlay-opacity":"","overlay-gradient":""},"mobile":{"background-color":"","background-image":"","background-repeat":"repeat","background-position":"center center","background-size":"auto","background-attachment":"scroll","background-type":"","background-media":"","overlay-type":"","overlay-color":"","overlay-opacity":"","overlay-gradient":""}},"ast-content-background-meta":{"desktop":{"background-color":"var(--ast-global-color-5)","background-image":"","background-repeat":"repeat","background-position":"center center","background-size":"auto","background-attachment":"scroll","background-type":"","background-media":"","overlay-type":"","overlay-color":"","overlay-opacity":"","overlay-gradient":""},"tablet":{"background-color":"var(--ast-global-color-5)","background-image":"","background-repeat":"repeat","background-position":"center center","background-size":"auto","background-attachment":"scroll","background-type":"","background-media":"","overlay-type":"","overlay-color":"","overlay-opacity":"","overlay-gradient":""},"mobile":{"background-color":"var(--ast-global-color-5)","background-image":"","background-repeat":"repeat","background-position":"center center","background-size":"auto","background-attachment":"scroll","background-type":"","background-media":"","overlay-type":"","overlay-color":"","overlay-opacity":"","overlay-gradient":""}},"footnotes":""},"categories":[25],"tags":[],"post_folder":[],"class_list":["post-2169","post","type-post","status-publish","format-standard","hentry","category-aktualnosci"],"_links":{"self":[{"href":"https:\/\/piramowicz.pl\/index.php\/wp-json\/wp\/v2\/posts\/2169","targetHints":{"allow":["GET"]}}],"collection":[{"href":"https:\/\/piramowicz.pl\/index.php\/wp-json\/wp\/v2\/posts"}],"about":[{"href":"https:\/\/piramowicz.pl\/index.php\/wp-json\/wp\/v2\/types\/post"}],"author":[{"embeddable":true,"href":"https:\/\/piramowicz.pl\/index.php\/wp-json\/wp\/v2\/users\/2"}],"replies":[{"embeddable":true,"href":"https:\/\/piramowicz.pl\/index.php\/wp-json\/wp\/v2\/comments?post=2169"}],"version-history":[{"count":3,"href":"https:\/\/piramowicz.pl\/index.php\/wp-json\/wp\/v2\/posts\/2169\/revisions"}],"predecessor-version":[{"id":2172,"href":"https:\/\/piramowicz.pl\/index.php\/wp-json\/wp\/v2\/posts\/2169\/revisions\/2172"}],"wp:attachment":[{"href":"https:\/\/piramowicz.pl\/index.php\/wp-json\/wp\/v2\/media?parent=2169"}],"wp:term":[{"taxonomy":"category","embeddable":true,"href":"https:\/\/piramowicz.pl\/index.php\/wp-json\/wp\/v2\/categories?post=2169"},{"taxonomy":"post_tag","embeddable":true,"href":"https:\/\/piramowicz.pl\/index.php\/wp-json\/wp\/v2\/tags?post=2169"},{"taxonomy":"post_folder","embeddable":true,"href":"https:\/\/piramowicz.pl\/index.php\/wp-json\/wp\/v2\/post_folder?post=2169"}],"curies":[{"name":"wp","href":"https:\/\/api.w.org\/{rel}","templated":true}]}}