{"id":2180,"date":"2023-11-09T22:47:33","date_gmt":"2023-11-09T21:47:33","guid":{"rendered":"https:\/\/piramowicz.pl\/?p=2180"},"modified":"2023-11-09T22:49:19","modified_gmt":"2023-11-09T21:49:19","slug":"wojewodzki-festiwal-piosenki-i-poezji-patriotycznej","status":"publish","type":"post","link":"https:\/\/piramowicz.pl\/index.php\/2023\/11\/09\/wojewodzki-festiwal-piosenki-i-poezji-patriotycznej\/","title":{"rendered":"Wojew\u00f3dzki Festiwal Piosenki i Poezji Patriotycznej"},"content":{"rendered":"\n<p>8 listopada 2023 reprezentanci naszej Szko\u0142y brali udzia\u0142 w Wojew\u00f3dzkim Festiwalu Piosenki i Poezji Patriotycznej. Do I LO w&nbsp;Suwa\u0142kach przyjecha\u0142o 120 uczestnik\u00f3w, wi\u0119c konkurs trwa\u0142 do p\u00f3\u017anych godzin wieczornych. A oto wyniki naszych uczni\u00f3w w&nbsp;trzech kategoriach:<br><strong>W\u015br\u00f3d recytator\u00f3w I miejsce zaj\u0105\u0142 Rados\u0142aw Stasiulewicz, II miejsce Maja Prokop, a Dominika Daniszewska i Oliwia Wojciechowska uplasowa\u0142y si\u0119 na czwartym miejscu.<br>Z kolei w kategorii tw\u00f3rczo\u015bci w\u0142asnej dwa trzecie miejsca zaj\u0119li Aleksandra Siedlecka oraz Szymon S\u0142u\u017ca\u0142a, natomiast Roksana Czulewicz znalaz\u0142a si\u0119 na pi\u0105tej pozycji.<br>W kategorii piosenki Barbara Kosiorek zaj\u0119\u0142a czwarte miejsce w wojew\u00f3dztwie, natomiast Julia Jag\u0142owska i Natalia Kossobudzka z gitarzyst\u0105 Piotrem Jab\u0142o\u0144skim pi\u0105te.<br><\/strong>Wszystkim reprezentantom Szko\u0142y gratulujemy udanego startu w zmaganiach konkursowych.<\/p>\n\n\n\n<figure class=\"wp-block-image size-large\"><img fetchpriority=\"high\" decoding=\"async\" width=\"1024\" height=\"768\" src=\"https:\/\/piramowicz.pl\/wp-content\/uploads\/2023\/11\/WFPiPP11.23-1-1024x768.jpg\" alt=\"Wyst\u0119p Mai Prokop\" class=\"wp-image-2175\" srcset=\"https:\/\/piramowicz.pl\/wp-content\/uploads\/2023\/11\/WFPiPP11.23-1-1024x768.jpg 1024w, https:\/\/piramowicz.pl\/wp-content\/uploads\/2023\/11\/WFPiPP11.23-1-300x225.jpg 300w, https:\/\/piramowicz.pl\/wp-content\/uploads\/2023\/11\/WFPiPP11.23-1-768x576.jpg 768w, https:\/\/piramowicz.pl\/wp-content\/uploads\/2023\/11\/WFPiPP11.23-1.jpg 1200w\" sizes=\"(max-width: 1024px) 100vw, 1024px\" \/><figcaption class=\"wp-element-caption\">Wyst\u0119p Mai Prokop<\/figcaption><\/figure>\n\n\n\n<figure class=\"wp-block-image size-large\"><img decoding=\"async\" width=\"1024\" height=\"768\" src=\"https:\/\/piramowicz.pl\/wp-content\/uploads\/2023\/11\/WFPiPP11.23-3-1024x768.jpg\" alt=\"Wyst\u0119p Szymona S\u0142u\u017ca\u0142y\" class=\"wp-image-2177\" srcset=\"https:\/\/piramowicz.pl\/wp-content\/uploads\/2023\/11\/WFPiPP11.23-3-1024x768.jpg 1024w, https:\/\/piramowicz.pl\/wp-content\/uploads\/2023\/11\/WFPiPP11.23-3-300x225.jpg 300w, https:\/\/piramowicz.pl\/wp-content\/uploads\/2023\/11\/WFPiPP11.23-3-768x576.jpg 768w, https:\/\/piramowicz.pl\/wp-content\/uploads\/2023\/11\/WFPiPP11.23-3.jpg 1200w\" sizes=\"(max-width: 1024px) 100vw, 1024px\" \/><figcaption class=\"wp-element-caption\">Wyst\u0119p Szymona S\u0142u\u017ca\u0142y<\/figcaption><\/figure>\n\n\n\n<figure class=\"wp-block-image size-large\"><img decoding=\"async\" width=\"1024\" height=\"768\" src=\"https:\/\/piramowicz.pl\/wp-content\/uploads\/2023\/11\/WFPiPP11.23-2-1024x768.jpg\" alt=\"Natalia Kossobudzka z gitarzyst\u0105 Piotrem Jab\u0142o\u0144skim\" class=\"wp-image-2176\" srcset=\"https:\/\/piramowicz.pl\/wp-content\/uploads\/2023\/11\/WFPiPP11.23-2-1024x768.jpg 1024w, https:\/\/piramowicz.pl\/wp-content\/uploads\/2023\/11\/WFPiPP11.23-2-300x225.jpg 300w, https:\/\/piramowicz.pl\/wp-content\/uploads\/2023\/11\/WFPiPP11.23-2-768x576.jpg 768w, https:\/\/piramowicz.pl\/wp-content\/uploads\/2023\/11\/WFPiPP11.23-2.jpg 1200w\" sizes=\"(max-width: 1024px) 100vw, 1024px\" \/><figcaption class=\"wp-element-caption\">Natalia Kossobudzka z gitarzyst\u0105 Piotrem Jab\u0142o\u0144skim<\/figcaption><\/figure>\n","protected":false},"excerpt":{"rendered":"<p>8 listopada 2023 reprezentanci naszej Szko\u0142y brali udzia\u0142 w Wojew\u00f3dzkim Festiwalu Piosenki i Poezji Patriotycznej. Do I LO w&nbsp;Suwa\u0142kach przyjecha\u0142o 120 uczestnik\u00f3w, wi\u0119c konkurs trwa\u0142 do p\u00f3\u017anych godzin wieczornych. A oto wyniki naszych uczni\u00f3w w&nbsp;trzech kategoriach:W\u015br\u00f3d recytator\u00f3w I miejsce zaj\u0105\u0142 Rados\u0142aw Stasiulewicz, II miejsce Maja Prokop, a Dominika Daniszewska i Oliwia Wojciechowska uplasowa\u0142y si\u0119 na [&hellip;]<\/p>\n","protected":false},"author":2,"featured_media":2175,"comment_status":"closed","ping_status":"closed","sticky":false,"template":"","format":"standard","meta":{"site-sidebar-layout":"default","site-content-layout":"","ast-site-content-layout":"default","site-content-style":"default","site-sidebar-style":"default","ast-global-header-display":"","ast-banner-title-visibility":"","ast-main-header-display":"","ast-hfb-above-header-display":"","ast-hfb-below-header-display":"","ast-hfb-mobile-header-display":"","site-post-title":"","ast-breadcrumbs-content":"","ast-featured-img":"disabled","footer-sml-layout":"","ast-disable-related-posts":"","theme-transparent-header-meta":"","adv-header-id-meta":"","stick-header-meta":"","header-above-stick-meta":"","header-main-stick-meta":"","header-below-stick-meta":"","astra-migrate-meta-layouts":"set","ast-page-background-enabled":"default","ast-page-background-meta":{"desktop":{"background-color":"","background-image":"","background-repeat":"repeat","background-position":"center center","background-size":"auto","background-attachment":"scroll","background-type":"","background-media":"","overlay-type":"","overlay-color":"","overlay-opacity":"","overlay-gradient":""},"tablet":{"background-color":"","background-image":"","background-repeat":"repeat","background-position":"center center","background-size":"auto","background-attachment":"scroll","background-type":"","background-media":"","overlay-type":"","overlay-color":"","overlay-opacity":"","overlay-gradient":""},"mobile":{"background-color":"","background-image":"","background-repeat":"repeat","background-position":"center center","background-size":"auto","background-attachment":"scroll","background-type":"","background-media":"","overlay-type":"","overlay-color":"","overlay-opacity":"","overlay-gradient":""}},"ast-content-background-meta":{"desktop":{"background-color":"var(--ast-global-color-5)","background-image":"","background-repeat":"repeat","background-position":"center center","background-size":"auto","background-attachment":"scroll","background-type":"","background-media":"","overlay-type":"","overlay-color":"","overlay-opacity":"","overlay-gradient":""},"tablet":{"background-color":"var(--ast-global-color-5)","background-image":"","background-repeat":"repeat","background-position":"center center","background-size":"auto","background-attachment":"scroll","background-type":"","background-media":"","overlay-type":"","overlay-color":"","overlay-opacity":"","overlay-gradient":""},"mobile":{"background-color":"var(--ast-global-color-5)","background-image":"","background-repeat":"repeat","background-position":"center center","background-size":"auto","background-attachment":"scroll","background-type":"","background-media":"","overlay-type":"","overlay-color":"","overlay-opacity":"","overlay-gradient":""}},"footnotes":""},"categories":[25],"tags":[],"post_folder":[],"class_list":["post-2180","post","type-post","status-publish","format-standard","has-post-thumbnail","hentry","category-aktualnosci"],"_links":{"self":[{"href":"https:\/\/piramowicz.pl\/index.php\/wp-json\/wp\/v2\/posts\/2180","targetHints":{"allow":["GET"]}}],"collection":[{"href":"https:\/\/piramowicz.pl\/index.php\/wp-json\/wp\/v2\/posts"}],"about":[{"href":"https:\/\/piramowicz.pl\/index.php\/wp-json\/wp\/v2\/types\/post"}],"author":[{"embeddable":true,"href":"https:\/\/piramowicz.pl\/index.php\/wp-json\/wp\/v2\/users\/2"}],"replies":[{"embeddable":true,"href":"https:\/\/piramowicz.pl\/index.php\/wp-json\/wp\/v2\/comments?post=2180"}],"version-history":[{"count":3,"href":"https:\/\/piramowicz.pl\/index.php\/wp-json\/wp\/v2\/posts\/2180\/revisions"}],"predecessor-version":[{"id":2183,"href":"https:\/\/piramowicz.pl\/index.php\/wp-json\/wp\/v2\/posts\/2180\/revisions\/2183"}],"wp:featuredmedia":[{"embeddable":true,"href":"https:\/\/piramowicz.pl\/index.php\/wp-json\/wp\/v2\/media\/2175"}],"wp:attachment":[{"href":"https:\/\/piramowicz.pl\/index.php\/wp-json\/wp\/v2\/media?parent=2180"}],"wp:term":[{"taxonomy":"category","embeddable":true,"href":"https:\/\/piramowicz.pl\/index.php\/wp-json\/wp\/v2\/categories?post=2180"},{"taxonomy":"post_tag","embeddable":true,"href":"https:\/\/piramowicz.pl\/index.php\/wp-json\/wp\/v2\/tags?post=2180"},{"taxonomy":"post_folder","embeddable":true,"href":"https:\/\/piramowicz.pl\/index.php\/wp-json\/wp\/v2\/post_folder?post=2180"}],"curies":[{"name":"wp","href":"https:\/\/api.w.org\/{rel}","templated":true}]}}