{"id":2449,"date":"2024-02-08T21:47:27","date_gmt":"2024-02-08T20:47:27","guid":{"rendered":"https:\/\/piramowicz.pl\/?p=2449"},"modified":"2024-02-08T21:47:27","modified_gmt":"2024-02-08T20:47:27","slug":"wyprawa-w-ramach-projektu-odkryc-nieznane","status":"publish","type":"post","link":"https:\/\/piramowicz.pl\/index.php\/2024\/02\/08\/wyprawa-w-ramach-projektu-odkryc-nieznane\/","title":{"rendered":"Wyprawa w ramach projektu: &#8222;Odkry\u0107 nieznane!&#8221;"},"content":{"rendered":"\n<p>Pierwszego dnia po dwunastogodzinnej podr\u00f3\u017cy zebrali\u015bmy si\u0142y, aby zwiedzi\u0107 pi\u0119kn\u0105 miejscowo\u015b\u0107 Vasto we W\u0142oszech. Udali\u015bmy si\u0119 na spacer bulwarami. Przeszli\u015bmy tak\u017ce obok pomnik\u00f3w i klimatycznych w\u0142oskich kamienic. W trakcie spaceru mieli\u015bmy mo\u017cliwo\u015b\u0107 odwiedzenia ko\u015bcio\u0142a \u015bw. Micha\u0142a Archanio\u0142a. Wyczerpuj\u0105cy dzie\u0144 zako\u0144czyli\u015bmy we w\u0142oskiej pizzerii, delektuj\u0105c si\u0119 tradycyjnym specja\u0142em po\u0142udniowc\u00f3w.<\/p>\n\n\n\n<p>Drugi dzie\u0144 projektu Erasmus+ &#8222;Odkry\u0107 nieznane&#8221;\/&#8221;Discover undiscovered&#8221; zacz\u0119li\u015bmy od pysznego w\u0142oskiego colazione. Nast\u0119pnie udali\u015bmy si\u0119 w kierunku szko\u0142y. Zapoznali\u015bmy si\u0119 z grup\u0105 w\u0142osk\u0105 i greck\u0105. W\u0142osi niezwykle ciep\u0142o nas powitali serwuj\u0105c regionalne specja\u0142y, prezentuj\u0105c ta\u0144ce regionalne i opowiadaj\u0105c o swoim regionie Abruzo. Nast\u0119pnie poszli\u015bmy wsp\u00f3lnie na spacer ulicami Vasto. Zobaczyli\u015bmy pi\u0119kne zabytki, w tym bram\u0119 &#8211; pozosta\u0142o\u015b\u0107 po \u015bwi\u0105tyni, a tak\u017ce dzwon z ko\u015bcio\u0142a \u015bw. Piotra i ruiny starych budowli. Dzie\u0144 zako\u0144czyli\u015bmy wsp\u00f3ln\u0105 kolacj\u0105 z grup\u0105 w\u0142osk\u0105 i greck\u0105.<\/p>\n\n\n\n<p>Dzie\u0144 trzeci naszego projektu Erasmus+ &#8222;Odkry\u0107 nieznane&#8221; rozpocz\u0119li\u015bmy od debaty oxfordzkiej w szkole, w Vasto. Rozmawiali\u015bmy na temat pozytywnych i negatywnych stron sztucznej inteligencji. Nast\u0119pnie, wraz z lokalnymi uczniami wzi\u0119li\u015bmy udzia\u0142 w demonstracji przeciwko cyberprzemocy. Cz\u0119\u015b\u0107 grupy polskiej i greckiej zagra\u0142a wraz z W\u0142ochami w Kahoota o Europie. Po czasie sp\u0119dzonym w szkole udali\u015bmy si\u0119 autobusem w kierunku rezerwatu przyrody &#8222;Riserva naturale guidata Punta Aderci&#8221;. Widzieli\u015bmy trzeci\u0105 w Europie &#8211; pod wzgl\u0119dem wysoko\u015bci &#8211; latarni\u0119 morsk\u0105, a tak\u017ce trzeci\u0105 w Europie &#8211; pod wzgl\u0119dem wielko\u015bci &#8211; przysta\u0144 przemys\u0142ow\u0105. Sp\u0119dzili\u015bmy r\u00f3wnie\u017c czas na kamienistej pla\u017cy znajduj\u0105cej si\u0119 na obszarze wspomnianego rezerwatu. Wida\u0107 stamt\u0105d Trabocco &#8211; pomost s\u0142u\u017c\u0105cy do po\u0142owu ryb. W dalszej kolejno\u015bci udali\u015bmy si\u0119 w kierunku &#8222;Fontanny P\u0142odno\u015bci&#8221;, licz\u0105cej ponad 2000 lat! Grupa w\u0142oska, grecka i polska podziwia\u0142a klasztor benedykty\u0144ski. Widzieli\u015bmy te\u017c znajduj\u0105ce si\u0119 nieopodal, licz\u0105ce ponad 1100 lat drzewo oliwne, kt\u00f3re usch\u0142o cztery lata temu. Nasz intensywny dzie\u0144 zako\u0144czyli\u015bmy we w\u0142oskiej restauracji &#8222;La Transumanza&#8221;. Mieli\u015bmy mo\u017cliwo\u015b\u0107 spr\u00f3bowa\u0107 w\u0142oskich makaron\u00f3w.<\/p>\n\n\n\n<figure class=\"wp-block-image size-full\"><img fetchpriority=\"high\" decoding=\"async\" width=\"768\" height=\"1024\" src=\"https:\/\/piramowicz.pl\/wp-content\/uploads\/2024\/02\/OdkrNiez08.02.24-1.jpg\" alt=\"Uczestnicy projektu na lotnisku\" class=\"wp-image-2440\" srcset=\"https:\/\/piramowicz.pl\/wp-content\/uploads\/2024\/02\/OdkrNiez08.02.24-1.jpg 768w, https:\/\/piramowicz.pl\/wp-content\/uploads\/2024\/02\/OdkrNiez08.02.24-1-225x300.jpg 225w\" sizes=\"(max-width: 768px) 100vw, 768px\" \/><figcaption class=\"wp-element-caption\">Uczestnicy projektu na lotnisku<\/figcaption><\/figure>\n\n\n\n<figure class=\"wp-block-image size-full\"><img decoding=\"async\" width=\"1024\" height=\"768\" src=\"https:\/\/piramowicz.pl\/wp-content\/uploads\/2024\/02\/OdkrNiez08.02.24-2.jpg\" alt=\"Uczestnicy projektu w miejscowo\u015bci Vasto\" class=\"wp-image-2441\" srcset=\"https:\/\/piramowicz.pl\/wp-content\/uploads\/2024\/02\/OdkrNiez08.02.24-2.jpg 1024w, https:\/\/piramowicz.pl\/wp-content\/uploads\/2024\/02\/OdkrNiez08.02.24-2-300x225.jpg 300w, https:\/\/piramowicz.pl\/wp-content\/uploads\/2024\/02\/OdkrNiez08.02.24-2-768x576.jpg 768w\" sizes=\"(max-width: 1024px) 100vw, 1024px\" \/><figcaption class=\"wp-element-caption\">Uczestnicy projektu w miejscowo\u015bci Vasto<\/figcaption><\/figure>\n\n\n\n<figure class=\"wp-block-image size-full\"><img decoding=\"async\" width=\"1024\" height=\"768\" src=\"https:\/\/piramowicz.pl\/wp-content\/uploads\/2024\/02\/OdkrNiez08.02.24-3.jpg\" alt=\"Uczestnicy projektu w miejscowo\u015bci Vasto\" class=\"wp-image-2442\" srcset=\"https:\/\/piramowicz.pl\/wp-content\/uploads\/2024\/02\/OdkrNiez08.02.24-3.jpg 1024w, https:\/\/piramowicz.pl\/wp-content\/uploads\/2024\/02\/OdkrNiez08.02.24-3-300x225.jpg 300w, https:\/\/piramowicz.pl\/wp-content\/uploads\/2024\/02\/OdkrNiez08.02.24-3-768x576.jpg 768w\" sizes=\"(max-width: 1024px) 100vw, 1024px\" \/><figcaption class=\"wp-element-caption\">Uczestnicy projektu w miejscowo\u015bci Vasto<\/figcaption><\/figure>\n\n\n\n<figure class=\"wp-block-image size-full\"><img loading=\"lazy\" decoding=\"async\" width=\"1024\" height=\"768\" src=\"https:\/\/piramowicz.pl\/wp-content\/uploads\/2024\/02\/OdkrNiez08.02.24-4.jpg\" alt=\"Powitanie grupy z Polski w szkole w\u0142oskiej\" class=\"wp-image-2443\" srcset=\"https:\/\/piramowicz.pl\/wp-content\/uploads\/2024\/02\/OdkrNiez08.02.24-4.jpg 1024w, https:\/\/piramowicz.pl\/wp-content\/uploads\/2024\/02\/OdkrNiez08.02.24-4-300x225.jpg 300w, https:\/\/piramowicz.pl\/wp-content\/uploads\/2024\/02\/OdkrNiez08.02.24-4-768x576.jpg 768w\" sizes=\"(max-width: 1024px) 100vw, 1024px\" \/><figcaption class=\"wp-element-caption\">Powitanie grupy z Polski w szkole w\u0142oskiej<\/figcaption><\/figure>\n\n\n\n<figure class=\"wp-block-image size-full\"><img loading=\"lazy\" decoding=\"async\" width=\"1024\" height=\"768\" src=\"https:\/\/piramowicz.pl\/wp-content\/uploads\/2024\/02\/OdkrNiez08.02.24-6.jpg\" alt=\"Uczestnicy projektu w czasie zwiedzania Vasto\" class=\"wp-image-2445\" srcset=\"https:\/\/piramowicz.pl\/wp-content\/uploads\/2024\/02\/OdkrNiez08.02.24-6.jpg 1024w, https:\/\/piramowicz.pl\/wp-content\/uploads\/2024\/02\/OdkrNiez08.02.24-6-300x225.jpg 300w, https:\/\/piramowicz.pl\/wp-content\/uploads\/2024\/02\/OdkrNiez08.02.24-6-768x576.jpg 768w\" sizes=\"(max-width: 1024px) 100vw, 1024px\" \/><figcaption class=\"wp-element-caption\">Mi\u0119dzynarodowa grupa uczestnik\u00f3w projektu w czasie zwiedzania Vasto<\/figcaption><\/figure>\n\n\n\n<figure class=\"wp-block-image size-full\"><img loading=\"lazy\" decoding=\"async\" width=\"1024\" height=\"768\" src=\"https:\/\/piramowicz.pl\/wp-content\/uploads\/2024\/02\/OdkrNiez08.02.24-5.jpg\" alt=\"Uczestnicy projektu z W\u0142och, Grecji i Polski\" class=\"wp-image-2444\" srcset=\"https:\/\/piramowicz.pl\/wp-content\/uploads\/2024\/02\/OdkrNiez08.02.24-5.jpg 1024w, https:\/\/piramowicz.pl\/wp-content\/uploads\/2024\/02\/OdkrNiez08.02.24-5-300x225.jpg 300w, https:\/\/piramowicz.pl\/wp-content\/uploads\/2024\/02\/OdkrNiez08.02.24-5-768x576.jpg 768w\" sizes=\"(max-width: 1024px) 100vw, 1024px\" \/><figcaption class=\"wp-element-caption\">Uczestnicy projektu z W\u0142och, Grecji i Polski<\/figcaption><\/figure>\n\n\n\n<figure class=\"wp-block-image size-large\"><img loading=\"lazy\" decoding=\"async\" width=\"1024\" height=\"461\" src=\"https:\/\/piramowicz.pl\/wp-content\/uploads\/2024\/02\/OdkrNiez08.02.24-7-1024x461.jpg\" alt=\"Trzy grupy uczestnik\u00f3w w pracowni szkolnej\" class=\"wp-image-2446\" srcset=\"https:\/\/piramowicz.pl\/wp-content\/uploads\/2024\/02\/OdkrNiez08.02.24-7-1024x461.jpg 1024w, https:\/\/piramowicz.pl\/wp-content\/uploads\/2024\/02\/OdkrNiez08.02.24-7-300x135.jpg 300w, https:\/\/piramowicz.pl\/wp-content\/uploads\/2024\/02\/OdkrNiez08.02.24-7-768x346.jpg 768w, https:\/\/piramowicz.pl\/wp-content\/uploads\/2024\/02\/OdkrNiez08.02.24-7.jpg 1280w\" sizes=\"(max-width: 1024px) 100vw, 1024px\" \/><figcaption class=\"wp-element-caption\">Trzy grupy uczestnik\u00f3w w pracowni szkolnej<\/figcaption><\/figure>\n\n\n\n<figure class=\"wp-block-image size-large\"><img loading=\"lazy\" decoding=\"async\" width=\"1024\" height=\"461\" src=\"https:\/\/piramowicz.pl\/wp-content\/uploads\/2024\/02\/OdkrNiez08.02.24-8-1024x461.jpg\" alt=\"Trzy grupy uczestnik\u00f3w na dziedzi\u0144cu szkolnym\" class=\"wp-image-2447\" srcset=\"https:\/\/piramowicz.pl\/wp-content\/uploads\/2024\/02\/OdkrNiez08.02.24-8-1024x461.jpg 1024w, https:\/\/piramowicz.pl\/wp-content\/uploads\/2024\/02\/OdkrNiez08.02.24-8-300x135.jpg 300w, https:\/\/piramowicz.pl\/wp-content\/uploads\/2024\/02\/OdkrNiez08.02.24-8-768x346.jpg 768w, https:\/\/piramowicz.pl\/wp-content\/uploads\/2024\/02\/OdkrNiez08.02.24-8.jpg 1160w\" sizes=\"(max-width: 1024px) 100vw, 1024px\" \/><figcaption class=\"wp-element-caption\">Trzy grupy uczestnik\u00f3w na dziedzi\u0144cu szkolnym<\/figcaption><\/figure>\n\n\n\n<figure class=\"wp-block-image size-large\"><img loading=\"lazy\" decoding=\"async\" width=\"1024\" height=\"461\" src=\"https:\/\/piramowicz.pl\/wp-content\/uploads\/2024\/02\/OdkrNiez08.02.24-9-1024x461.jpg\" alt=\"Uczestnicy projektu w rezerwacie przyrody\" class=\"wp-image-2448\" srcset=\"https:\/\/piramowicz.pl\/wp-content\/uploads\/2024\/02\/OdkrNiez08.02.24-9-1024x461.jpg 1024w, https:\/\/piramowicz.pl\/wp-content\/uploads\/2024\/02\/OdkrNiez08.02.24-9-300x135.jpg 300w, https:\/\/piramowicz.pl\/wp-content\/uploads\/2024\/02\/OdkrNiez08.02.24-9-768x346.jpg 768w, https:\/\/piramowicz.pl\/wp-content\/uploads\/2024\/02\/OdkrNiez08.02.24-9.jpg 1160w\" sizes=\"(max-width: 1024px) 100vw, 1024px\" \/><figcaption class=\"wp-element-caption\">Uczestnicy projektu w rezerwacie przyrody<\/figcaption><\/figure>\n","protected":false},"excerpt":{"rendered":"<p>Pierwszego dnia po dwunastogodzinnej podr\u00f3\u017cy zebrali\u015bmy si\u0142y, aby zwiedzi\u0107 pi\u0119kn\u0105 miejscowo\u015b\u0107 Vasto we W\u0142oszech. Udali\u015bmy si\u0119 na spacer bulwarami. Przeszli\u015bmy tak\u017ce obok pomnik\u00f3w i klimatycznych w\u0142oskich kamienic. W trakcie spaceru mieli\u015bmy mo\u017cliwo\u015b\u0107 odwiedzenia ko\u015bcio\u0142a \u015bw. Micha\u0142a Archanio\u0142a. Wyczerpuj\u0105cy dzie\u0144 zako\u0144czyli\u015bmy we w\u0142oskiej pizzerii, delektuj\u0105c si\u0119 tradycyjnym specja\u0142em po\u0142udniowc\u00f3w. Drugi dzie\u0144 projektu Erasmus+ &#8222;Odkry\u0107 nieznane&#8221;\/&#8221;Discover undiscovered&#8221; [&hellip;]<\/p>\n","protected":false},"author":2,"featured_media":2445,"comment_status":"closed","ping_status":"closed","sticky":false,"template":"","format":"standard","meta":{"site-sidebar-layout":"default","site-content-layout":"","ast-site-content-layout":"default","site-content-style":"default","site-sidebar-style":"default","ast-global-header-display":"","ast-banner-title-visibility":"","ast-main-header-display":"","ast-hfb-above-header-display":"","ast-hfb-below-header-display":"","ast-hfb-mobile-header-display":"","site-post-title":"","ast-breadcrumbs-content":"","ast-featured-img":"disabled","footer-sml-layout":"","ast-disable-related-posts":"","theme-transparent-header-meta":"","adv-header-id-meta":"","stick-header-meta":"","header-above-stick-meta":"","header-main-stick-meta":"","header-below-stick-meta":"","astra-migrate-meta-layouts":"set","ast-page-background-enabled":"default","ast-page-background-meta":{"desktop":{"background-color":"","background-image":"","background-repeat":"repeat","background-position":"center center","background-size":"auto","background-attachment":"scroll","background-type":"","background-media":"","overlay-type":"","overlay-color":"","overlay-opacity":"","overlay-gradient":""},"tablet":{"background-color":"","background-image":"","background-repeat":"repeat","background-position":"center center","background-size":"auto","background-attachment":"scroll","background-type":"","background-media":"","overlay-type":"","overlay-color":"","overlay-opacity":"","overlay-gradient":""},"mobile":{"background-color":"","background-image":"","background-repeat":"repeat","background-position":"center center","background-size":"auto","background-attachment":"scroll","background-type":"","background-media":"","overlay-type":"","overlay-color":"","overlay-opacity":"","overlay-gradient":""}},"ast-content-background-meta":{"desktop":{"background-color":"var(--ast-global-color-5)","background-image":"","background-repeat":"repeat","background-position":"center center","background-size":"auto","background-attachment":"scroll","background-type":"","background-media":"","overlay-type":"","overlay-color":"","overlay-opacity":"","overlay-gradient":""},"tablet":{"background-color":"var(--ast-global-color-5)","background-image":"","background-repeat":"repeat","background-position":"center center","background-size":"auto","background-attachment":"scroll","background-type":"","background-media":"","overlay-type":"","overlay-color":"","overlay-opacity":"","overlay-gradient":""},"mobile":{"background-color":"var(--ast-global-color-5)","background-image":"","background-repeat":"repeat","background-position":"center center","background-size":"auto","background-attachment":"scroll","background-type":"","background-media":"","overlay-type":"","overlay-color":"","overlay-opacity":"","overlay-gradient":""}},"footnotes":""},"categories":[25],"tags":[],"post_folder":[],"class_list":["post-2449","post","type-post","status-publish","format-standard","has-post-thumbnail","hentry","category-aktualnosci"],"_links":{"self":[{"href":"https:\/\/piramowicz.pl\/index.php\/wp-json\/wp\/v2\/posts\/2449","targetHints":{"allow":["GET"]}}],"collection":[{"href":"https:\/\/piramowicz.pl\/index.php\/wp-json\/wp\/v2\/posts"}],"about":[{"href":"https:\/\/piramowicz.pl\/index.php\/wp-json\/wp\/v2\/types\/post"}],"author":[{"embeddable":true,"href":"https:\/\/piramowicz.pl\/index.php\/wp-json\/wp\/v2\/users\/2"}],"replies":[{"embeddable":true,"href":"https:\/\/piramowicz.pl\/index.php\/wp-json\/wp\/v2\/comments?post=2449"}],"version-history":[{"count":1,"href":"https:\/\/piramowicz.pl\/index.php\/wp-json\/wp\/v2\/posts\/2449\/revisions"}],"predecessor-version":[{"id":2450,"href":"https:\/\/piramowicz.pl\/index.php\/wp-json\/wp\/v2\/posts\/2449\/revisions\/2450"}],"wp:featuredmedia":[{"embeddable":true,"href":"https:\/\/piramowicz.pl\/index.php\/wp-json\/wp\/v2\/media\/2445"}],"wp:attachment":[{"href":"https:\/\/piramowicz.pl\/index.php\/wp-json\/wp\/v2\/media?parent=2449"}],"wp:term":[{"taxonomy":"category","embeddable":true,"href":"https:\/\/piramowicz.pl\/index.php\/wp-json\/wp\/v2\/categories?post=2449"},{"taxonomy":"post_tag","embeddable":true,"href":"https:\/\/piramowicz.pl\/index.php\/wp-json\/wp\/v2\/tags?post=2449"},{"taxonomy":"post_folder","embeddable":true,"href":"https:\/\/piramowicz.pl\/index.php\/wp-json\/wp\/v2\/post_folder?post=2449"}],"curies":[{"name":"wp","href":"https:\/\/api.w.org\/{rel}","templated":true}]}}