{"id":2641,"date":"2024-05-30T17:29:19","date_gmt":"2024-05-30T15:29:19","guid":{"rendered":"https:\/\/piramowicz.pl\/?p=2641"},"modified":"2024-05-30T17:30:00","modified_gmt":"2024-05-30T15:30:00","slug":"wojewodzki-konkurs-historyczno-literacki","status":"publish","type":"post","link":"https:\/\/piramowicz.pl\/index.php\/2024\/05\/30\/wojewodzki-konkurs-historyczno-literacki\/","title":{"rendered":"Wojew\u00f3dzki Konkurs Historyczno-Literacki"},"content":{"rendered":"\n<p>28 maja w auli bia\u0142ostockiej Prywatnej Szko\u0142y Podstawowej nr 2 odby\u0142a si\u0119 gala Wojew\u00f3dzkiego Konkursu Historyczno-Literackiego ph. ,,By czas nie za\u0107mi\u0142 i niepami\u0119\u0107\u201d, organizowanego po raz dwunasty przez pos\u0142a na Sejm Rzeczypospolitej Polskiej \u2013 pana Jaros\u0142awa Zieli\u0144skiego. Mi\u0142o nam poinformowa\u0107, \u017ce uczennica naszego liceum \u2013 <strong>Marcela Dzi\u0105dziak<\/strong> z klasy 2d zaj\u0119\u0142a II miejsce w&nbsp;kategorii szk\u00f3\u0142 ponadpodstawowych. Nasza fantastyczna laureatka po\u015bwi\u0119ci\u0142a sw\u00f3j esej m\u0142odym polskim patriotkom, kt\u00f3re zgin\u0119\u0142y podczas ob\u0142awy augustowskiej. Komisja doceni\u0142a zar\u00f3wno warto\u015b\u0107 merytoryczn\u0105 pracy Marceli, jak te\u017c jej osobisty stosunek do opisywanych os\u00f3b i wydarze\u0144.<br>Serdecznie gratulujemy sukcesu zar\u00f3wno uczennicy, jak te\u017c opiekunowi merytorycznemu jej pracy \u2013 pani <strong>Dorocie Prokop<\/strong>.<\/p>\n\n\n\n<figure class=\"wp-block-image size-full\"><img fetchpriority=\"high\" decoding=\"async\" width=\"1200\" height=\"654\" src=\"https:\/\/piramowicz.pl\/wp-content\/uploads\/2024\/05\/KonHisLit05.24-1.jpg\" alt=\"Uczestnicy Wojew\u00f3dzkiego Konkursu Historyczno-Literackiego ph. ,,By czas nie za\u0107mi\u0142 i niepami\u0119\u0107\u201d wraz z opiekunami\" class=\"wp-image-2640\" srcset=\"https:\/\/piramowicz.pl\/wp-content\/uploads\/2024\/05\/KonHisLit05.24-1.jpg 1200w, https:\/\/piramowicz.pl\/wp-content\/uploads\/2024\/05\/KonHisLit05.24-1-300x164.jpg 300w, https:\/\/piramowicz.pl\/wp-content\/uploads\/2024\/05\/KonHisLit05.24-1-1024x558.jpg 1024w, https:\/\/piramowicz.pl\/wp-content\/uploads\/2024\/05\/KonHisLit05.24-1-768x419.jpg 768w\" sizes=\"(max-width: 1200px) 100vw, 1200px\" \/><figcaption class=\"wp-element-caption\">Uczestnicy Wojew\u00f3dzkiego Konkursu Historyczno-Literackiego ph. ,,By czas nie za\u0107mi\u0142 i niepami\u0119\u0107\u201d wraz z opiekunami<\/figcaption><\/figure>\n","protected":false},"excerpt":{"rendered":"<p>28 maja w auli bia\u0142ostockiej Prywatnej Szko\u0142y Podstawowej nr 2 odby\u0142a si\u0119 gala Wojew\u00f3dzkiego Konkursu Historyczno-Literackiego ph. ,,By czas nie za\u0107mi\u0142 i niepami\u0119\u0107\u201d, organizowanego po raz dwunasty przez pos\u0142a na Sejm Rzeczypospolitej Polskiej \u2013 pana Jaros\u0142awa Zieli\u0144skiego. Mi\u0142o nam poinformowa\u0107, \u017ce uczennica naszego liceum \u2013 Marcela Dzi\u0105dziak z klasy 2d zaj\u0119\u0142a II miejsce w&nbsp;kategorii szk\u00f3\u0142 [&hellip;]<\/p>\n","protected":false},"author":2,"featured_media":2640,"comment_status":"closed","ping_status":"closed","sticky":false,"template":"","format":"standard","meta":{"site-sidebar-layout":"default","site-content-layout":"","ast-site-content-layout":"default","site-content-style":"default","site-sidebar-style":"default","ast-global-header-display":"","ast-banner-title-visibility":"","ast-main-header-display":"","ast-hfb-above-header-display":"","ast-hfb-below-header-display":"","ast-hfb-mobile-header-display":"","site-post-title":"","ast-breadcrumbs-content":"","ast-featured-img":"disabled","footer-sml-layout":"","ast-disable-related-posts":"","theme-transparent-header-meta":"","adv-header-id-meta":"","stick-header-meta":"","header-above-stick-meta":"","header-main-stick-meta":"","header-below-stick-meta":"","astra-migrate-meta-layouts":"set","ast-page-background-enabled":"default","ast-page-background-meta":{"desktop":{"background-color":"","background-image":"","background-repeat":"repeat","background-position":"center center","background-size":"auto","background-attachment":"scroll","background-type":"","background-media":"","overlay-type":"","overlay-color":"","overlay-opacity":"","overlay-gradient":""},"tablet":{"background-color":"","background-image":"","background-repeat":"repeat","background-position":"center center","background-size":"auto","background-attachment":"scroll","background-type":"","background-media":"","overlay-type":"","overlay-color":"","overlay-opacity":"","overlay-gradient":""},"mobile":{"background-color":"","background-image":"","background-repeat":"repeat","background-position":"center center","background-size":"auto","background-attachment":"scroll","background-type":"","background-media":"","overlay-type":"","overlay-color":"","overlay-opacity":"","overlay-gradient":""}},"ast-content-background-meta":{"desktop":{"background-color":"var(--ast-global-color-5)","background-image":"","background-repeat":"repeat","background-position":"center center","background-size":"auto","background-attachment":"scroll","background-type":"","background-media":"","overlay-type":"","overlay-color":"","overlay-opacity":"","overlay-gradient":""},"tablet":{"background-color":"var(--ast-global-color-5)","background-image":"","background-repeat":"repeat","background-position":"center center","background-size":"auto","background-attachment":"scroll","background-type":"","background-media":"","overlay-type":"","overlay-color":"","overlay-opacity":"","overlay-gradient":""},"mobile":{"background-color":"var(--ast-global-color-5)","background-image":"","background-repeat":"repeat","background-position":"center center","background-size":"auto","background-attachment":"scroll","background-type":"","background-media":"","overlay-type":"","overlay-color":"","overlay-opacity":"","overlay-gradient":""}},"footnotes":""},"categories":[25],"tags":[],"post_folder":[],"class_list":["post-2641","post","type-post","status-publish","format-standard","has-post-thumbnail","hentry","category-aktualnosci"],"_links":{"self":[{"href":"https:\/\/piramowicz.pl\/index.php\/wp-json\/wp\/v2\/posts\/2641","targetHints":{"allow":["GET"]}}],"collection":[{"href":"https:\/\/piramowicz.pl\/index.php\/wp-json\/wp\/v2\/posts"}],"about":[{"href":"https:\/\/piramowicz.pl\/index.php\/wp-json\/wp\/v2\/types\/post"}],"author":[{"embeddable":true,"href":"https:\/\/piramowicz.pl\/index.php\/wp-json\/wp\/v2\/users\/2"}],"replies":[{"embeddable":true,"href":"https:\/\/piramowicz.pl\/index.php\/wp-json\/wp\/v2\/comments?post=2641"}],"version-history":[{"count":2,"href":"https:\/\/piramowicz.pl\/index.php\/wp-json\/wp\/v2\/posts\/2641\/revisions"}],"predecessor-version":[{"id":2643,"href":"https:\/\/piramowicz.pl\/index.php\/wp-json\/wp\/v2\/posts\/2641\/revisions\/2643"}],"wp:featuredmedia":[{"embeddable":true,"href":"https:\/\/piramowicz.pl\/index.php\/wp-json\/wp\/v2\/media\/2640"}],"wp:attachment":[{"href":"https:\/\/piramowicz.pl\/index.php\/wp-json\/wp\/v2\/media?parent=2641"}],"wp:term":[{"taxonomy":"category","embeddable":true,"href":"https:\/\/piramowicz.pl\/index.php\/wp-json\/wp\/v2\/categories?post=2641"},{"taxonomy":"post_tag","embeddable":true,"href":"https:\/\/piramowicz.pl\/index.php\/wp-json\/wp\/v2\/tags?post=2641"},{"taxonomy":"post_folder","embeddable":true,"href":"https:\/\/piramowicz.pl\/index.php\/wp-json\/wp\/v2\/post_folder?post=2641"}],"curies":[{"name":"wp","href":"https:\/\/api.w.org\/{rel}","templated":true}]}}