{"id":2881,"date":"2024-10-17T18:42:44","date_gmt":"2024-10-17T16:42:44","guid":{"rendered":"https:\/\/piramowicz.pl\/?p=2881"},"modified":"2024-10-17T18:42:44","modified_gmt":"2024-10-17T16:42:44","slug":"pielgrzymka-maturzystow-na-jasna-gore-2","status":"publish","type":"post","link":"https:\/\/piramowicz.pl\/index.php\/2024\/10\/17\/pielgrzymka-maturzystow-na-jasna-gore-2\/","title":{"rendered":"Pielgrzymka maturzyst\u00f3w na Jasn\u0105 G\u00f3r\u0119"},"content":{"rendered":"\n<p>W dniach 9 do 11 pa\u017adziernika 2024 r. odby\u0142a si\u0119 pielgrzymka maturzyst\u00f3w z augustowskich szk\u00f3\u0142 na Jasn\u0105 G\u00f3r\u0119, b\u0119d\u0105ca jednocze\u015bnie wspania\u0142\u0105 wycieczk\u0105 krajoznawcz\u0105.<br>Pierwszy dzie\u0144 sp\u0119dzili\u015bmy w Energylandii \u2013 najwi\u0119kszym parku rozrywki w naszym kraju, gdzie mieli\u015bmy do dyspozycji wiele kolejek g\u00f3rskich oraz inne atrakcje. Wieczorem zakwaterowali\u015bmy si\u0119 w go\u015bcinnym pensjonacie \u201cU To\u015bki\u201d, po\u0142o\u017conym w gminie Poronin. Wygodne pokoje z pi\u0119knymi widokami na Tatry, pyszne posi\u0142ki, mi\u0142a obs\u0142uga oraz si\u0142ownia i pok\u00f3j gier sprawi\u0142y, \u017ce pobyt w pensjonacie by\u0142 prawdziw\u0105 przyjemno\u015bci\u0105.<br>Nast\u0119pnego dnia pod kierownictwem g\u00f3rskiego przewodnika Marcina wyruszylismy na szlak do Morskiego Oka. Pogoda nam dopisa\u0142a \u2013 w s\u0142oneczny ciep\u0142y dzie\u0144 malowane ju\u017c jesiennymi barwami g\u00f3ry wygl\u0105da\u0142y szczeg\u00f3lnie pi\u0119knie. A nasz przewodnik opowiedzia\u0142 nam o zas\u0142ugach prof. Oswalda Balcera i hr. W\u0142adys\u0142awa Zamoyskiego w wygranie przez nas na pocz\u0105tku XX wieku sporu z W\u0119grami o Morskie Oko. Us\u0142yszeli\u015bmy te\u017c wiele ciekawych informacji o otaczaj\u0105cej przyrodzie, m.in. Wodogrzmotach Mickiewicza, czy widocznych szczytach, z Rysami w\u0142\u0105cznie. Zauwa\u017cyli\u015bmy te\u017c \u015blady nied\u017awiedzi, kt\u00f3re niedawno przechodzi\u0142y naszym szlakiem. Oczarowani urod\u0105 g\u00f3r i Morskiego Oka nie zauwa\u017cylismy nawet, \u017ce przeszli\u015bmu ok. 16 kilometr\u00f3w. Nast\u0119pnie udali\u015bmy si\u0119 na spacer na s\u0142ynne zakopia\u0144skie Krup\u00f3wki. Wiecz\u00f3r sp\u0119dzili\u015bmy na wypoczynku w Termach Bukovina.<br>Trzeci, ostatni dzie\u0144 pielgrzymi, to oczywi\u015bcie pobyt na Jasnej G\u00f3rze, ale po drodze zwiedzali\u015bmy Krak\u00f3w. Zacz\u0119li\u015bmy nad Wis\u0142\u0105, od spaceru wok\u00f3\u0142 Wzg\u00f3rza Wawelskiego (zamek by\u0142 tego dnia niedost\u0119pny dla zwiedzaj\u0105cych, bo nasz Prezydent podejmowa\u0142 tam na konferencji prezydent\u00f3w kraj\u00f3w Unii Europejskiej). Nast\u0119pnie Drog\u0105 Kr\u00f3lewsk\u0105 przeszli\u015bmy do ko\u015bcio\u0142a oo. Franciszkan\u00f3w, gdzie mogli\u015bmy obejrze\u0107 m\u0142odopolskie dzie\u0142a Stanis\u0142awa Wyspia\u0144skiego \u2013 secesyjn\u0105 polichromi\u0119 i 8 witra\u017cy. Nasza przewodniczka zwr\u00f3ci\u0142a szczeg\u00f3ln\u0105 uwag\u0119 na przepi\u0119kny i niezwykle ekspresyjny witra\u017c \u201cBog Ojciec \u2013 sta\u0144 si\u0119\u201d. W tyle ko\u015bcio\u0142a oznaczone miejsce przypomina, \u017ce tutaj bardzo cz\u0119sto modli\u0142 si\u0119 arcybiskup Krakowa Karol Wojty\u0142a, kt\u00f3ry przychodzi\u0142 tam z pobliskiego Pa\u0142acu Biskup\u00f3w. Nasz spacer zaprowadzi\u0142 nas przez Planty do Collegium Maius Uniwersytetu Jagiello\u0144skiego, a dalej na Krakowski Rynek. Zwiedzili\u015bmy Ko\u015bci\u00f3\u0142 Mariacki ze s\u0142ynnym \u015bredniowiecznym o\u0142tarzem Wita Stwosza. Na koniec, wzorem krakowskich maturzyst\u00f3w, zgromadzili\u015bmy si\u0119 przed pomnikiem Adama Mickiewicza.<br>Po po\u0142udniu dotarli\u015bmy do klasztoru paulin\u00f3w na Jasnej G\u00f3rze, gdzie uczestniczyli\u015bmy w przygotowanym dla maturzyst\u00f3w naszej diecezji programie. Pierwszym jego punktem by\u0142a konferencja o siedmiu grzechach g\u0142\u00f3wnych wyg\u0142oszona przez ks. \u0141ukasza Malinowskiego &#8211; diecezjalnego duszpasterza m\u0142odzie\u017cy. Nast\u0119pnie wys\u0142uchali\u015bmy wyst\u0119pu zespo\u0142u Effata &#8211; WSD z E\u0142ku, po\u0142\u0105czonego z adoracj\u0105 Naj\u015bwi\u0119tszego Sakramentu. Skorzystali\u015bmy te\u017c z sakramentu spowiedzi. Po Apelu Jasnog\u00f3rskim w Kaplicy Cudownego Obrazu odby\u0142a si\u0119 Droga Krzy\u017cowa na wa\u0142ach klasztoru. Poruszaj\u0105cym rozwa\u017caniom M\u0119ki Pa\u0144skiej towarzyszy\u0142a pi\u0119kna oprawa muzyczna.<br>Nasze pielgrzymowanie zwie\u0144czy\u0142a Msza \u015awi\u0119ta w bazylice, kt\u00f3r\u0105 w intencji tegorocznych maturzyst\u00f3w odprawili wszyscy obecni kap\u0142ani pod przewodnictwem J.E. ks. Biskupa Dariusza Zalewskiego. Podczas Mszy \u015aw. powierzyli\u015bmy wstawiennictwu Matki Bo\u017cej wszystkie nasze intencje. Modlili\u015bmy si\u0119 zw\u0142aszcza za nasze rodziny, o pomy\u015blne zdanie egzamin\u00f3w i w\u0142a\u015bciwe odczytanie naszego powo\u0142ania. Warto podkre\u015bli\u0107, \u017ce kilku uczestnik\u00f3w naszej pielgrzymki czynnie zaanga\u017cowa\u0142o si\u0119 w s\u0142u\u017cb\u0119 o\u0142tarza. Pe\u0142ni ufno\u015bci w Bo\u017c\u0105 piek\u0119 udali\u015bmy si\u0119 w drog\u0119 powrotn\u0105 do Augustowa.<br>Pielgrzymka by\u0142a te\u017c wspania\u0142\u0105 okazj\u0105 do integracji z uczniami innych szk\u00f3\u0142 naszego miasta: Augustowskiego Centrum Edukacyjnego i II Liceum Og\u00f3lnokszta\u0142c\u0105cego im. Polonii i Polak\u00f3w na \u015awiecie, kt\u00f3rym dzi\u0119kujemy za mile sp\u0119dzony czas. Szczeg\u00f3lne podzi\u0119kowanie sk\u0142adamy p. Zbigniewowi Citko, kierownikowi naszego wyjazdu.<br>Wyprawa nasza by\u0142a kontynuacj\u0105 ju\u017c d\u0142ugiej tradycji pielgrzymek maturzyst\u00f3w do naszego narodowego sanktuarium, kt\u00f3ra, mamy nadziej\u0119, b\u0119dzie trwa\u0142a nadal.<\/p>\n\n\n\n<figure class=\"wp-block-image size-full\"><img fetchpriority=\"high\" decoding=\"async\" width=\"1200\" height=\"900\" src=\"https:\/\/piramowicz.pl\/wp-content\/uploads\/2024\/10\/Pielgrzymka2024-1.jpg\" alt=\"Uczestnicy pielgrzymki przed pomnikiem Adama Mickiewicza w Krakowie\" class=\"wp-image-2877\" srcset=\"https:\/\/piramowicz.pl\/wp-content\/uploads\/2024\/10\/Pielgrzymka2024-1.jpg 1200w, https:\/\/piramowicz.pl\/wp-content\/uploads\/2024\/10\/Pielgrzymka2024-1-300x225.jpg 300w, https:\/\/piramowicz.pl\/wp-content\/uploads\/2024\/10\/Pielgrzymka2024-1-1024x768.jpg 1024w, https:\/\/piramowicz.pl\/wp-content\/uploads\/2024\/10\/Pielgrzymka2024-1-768x576.jpg 768w\" sizes=\"(max-width: 1200px) 100vw, 1200px\" \/><figcaption class=\"wp-element-caption\">Uczestnicy pielgrzymki przed pomnikiem Adama Mickiewicza w Krakowie<\/figcaption><\/figure>\n\n\n\n<figure class=\"wp-block-image size-full\"><img decoding=\"async\" width=\"1200\" height=\"900\" src=\"https:\/\/piramowicz.pl\/wp-content\/uploads\/2024\/10\/Pielgrzymka2024-4.jpg\" alt=\"Uczestnicy pielgrzymki nad Morskim Okiem\" class=\"wp-image-2880\" srcset=\"https:\/\/piramowicz.pl\/wp-content\/uploads\/2024\/10\/Pielgrzymka2024-4.jpg 1200w, https:\/\/piramowicz.pl\/wp-content\/uploads\/2024\/10\/Pielgrzymka2024-4-300x225.jpg 300w, https:\/\/piramowicz.pl\/wp-content\/uploads\/2024\/10\/Pielgrzymka2024-4-1024x768.jpg 1024w, https:\/\/piramowicz.pl\/wp-content\/uploads\/2024\/10\/Pielgrzymka2024-4-768x576.jpg 768w\" sizes=\"(max-width: 1200px) 100vw, 1200px\" \/><figcaption class=\"wp-element-caption\">Uczestnicy pielgrzymki nad Morskim Okiem<\/figcaption><\/figure>\n\n\n\n<figure class=\"wp-block-image size-full\"><img decoding=\"async\" width=\"1200\" height=\"1600\" src=\"https:\/\/piramowicz.pl\/wp-content\/uploads\/2024\/10\/Pielgrzymka2024-3.jpg\" alt=\"Nawa g\u0142\u00f3wna Ko\u015bcio\u0142a Mariackiego w Krakowie\" class=\"wp-image-2879\" srcset=\"https:\/\/piramowicz.pl\/wp-content\/uploads\/2024\/10\/Pielgrzymka2024-3.jpg 1200w, https:\/\/piramowicz.pl\/wp-content\/uploads\/2024\/10\/Pielgrzymka2024-3-225x300.jpg 225w, https:\/\/piramowicz.pl\/wp-content\/uploads\/2024\/10\/Pielgrzymka2024-3-768x1024.jpg 768w, https:\/\/piramowicz.pl\/wp-content\/uploads\/2024\/10\/Pielgrzymka2024-3-1152x1536.jpg 1152w\" sizes=\"(max-width: 1200px) 100vw, 1200px\" \/><figcaption class=\"wp-element-caption\">Nawa g\u0142\u00f3wna Ko\u015bcio\u0142a Mariackiego w Krakowie<\/figcaption><\/figure>\n\n\n\n<figure class=\"wp-block-image size-full\"><img loading=\"lazy\" decoding=\"async\" width=\"1200\" height=\"1600\" src=\"https:\/\/piramowicz.pl\/wp-content\/uploads\/2024\/10\/Pielgrzymka2024-2.jpg\" alt=\"O\u0142tarz boczny w Sanktuarium Jasnog\u00f3rskim\" class=\"wp-image-2878\" srcset=\"https:\/\/piramowicz.pl\/wp-content\/uploads\/2024\/10\/Pielgrzymka2024-2.jpg 1200w, https:\/\/piramowicz.pl\/wp-content\/uploads\/2024\/10\/Pielgrzymka2024-2-225x300.jpg 225w, https:\/\/piramowicz.pl\/wp-content\/uploads\/2024\/10\/Pielgrzymka2024-2-768x1024.jpg 768w, https:\/\/piramowicz.pl\/wp-content\/uploads\/2024\/10\/Pielgrzymka2024-2-1152x1536.jpg 1152w\" sizes=\"(max-width: 1200px) 100vw, 1200px\" \/><figcaption class=\"wp-element-caption\">O\u0142tarz boczny w Sanktuarium Jasnog\u00f3rskim<\/figcaption><\/figure>\n","protected":false},"excerpt":{"rendered":"<p>W dniach 9 do 11 pa\u017adziernika 2024 r. odby\u0142a si\u0119 pielgrzymka maturzyst\u00f3w z augustowskich szk\u00f3\u0142 na Jasn\u0105 G\u00f3r\u0119, b\u0119d\u0105ca jednocze\u015bnie wspania\u0142\u0105 wycieczk\u0105 krajoznawcz\u0105.Pierwszy dzie\u0144 sp\u0119dzili\u015bmy w Energylandii \u2013 najwi\u0119kszym parku rozrywki w naszym kraju, gdzie mieli\u015bmy do dyspozycji wiele kolejek g\u00f3rskich oraz inne atrakcje. Wieczorem zakwaterowali\u015bmy si\u0119 w go\u015bcinnym pensjonacie \u201cU To\u015bki\u201d, po\u0142o\u017conym w gminie [&hellip;]<\/p>\n","protected":false},"author":2,"featured_media":2877,"comment_status":"closed","ping_status":"closed","sticky":false,"template":"","format":"standard","meta":{"site-sidebar-layout":"default","site-content-layout":"","ast-site-content-layout":"default","site-content-style":"default","site-sidebar-style":"default","ast-global-header-display":"","ast-banner-title-visibility":"","ast-main-header-display":"","ast-hfb-above-header-display":"","ast-hfb-below-header-display":"","ast-hfb-mobile-header-display":"","site-post-title":"","ast-breadcrumbs-content":"","ast-featured-img":"disabled","footer-sml-layout":"","ast-disable-related-posts":"","theme-transparent-header-meta":"","adv-header-id-meta":"","stick-header-meta":"","header-above-stick-meta":"","header-main-stick-meta":"","header-below-stick-meta":"","astra-migrate-meta-layouts":"set","ast-page-background-enabled":"default","ast-page-background-meta":{"desktop":{"background-color":"","background-image":"","background-repeat":"repeat","background-position":"center center","background-size":"auto","background-attachment":"scroll","background-type":"","background-media":"","overlay-type":"","overlay-color":"","overlay-opacity":"","overlay-gradient":""},"tablet":{"background-color":"","background-image":"","background-repeat":"repeat","background-position":"center center","background-size":"auto","background-attachment":"scroll","background-type":"","background-media":"","overlay-type":"","overlay-color":"","overlay-opacity":"","overlay-gradient":""},"mobile":{"background-color":"","background-image":"","background-repeat":"repeat","background-position":"center center","background-size":"auto","background-attachment":"scroll","background-type":"","background-media":"","overlay-type":"","overlay-color":"","overlay-opacity":"","overlay-gradient":""}},"ast-content-background-meta":{"desktop":{"background-color":"var(--ast-global-color-5)","background-image":"","background-repeat":"repeat","background-position":"center center","background-size":"auto","background-attachment":"scroll","background-type":"","background-media":"","overlay-type":"","overlay-color":"","overlay-opacity":"","overlay-gradient":""},"tablet":{"background-color":"var(--ast-global-color-5)","background-image":"","background-repeat":"repeat","background-position":"center center","background-size":"auto","background-attachment":"scroll","background-type":"","background-media":"","overlay-type":"","overlay-color":"","overlay-opacity":"","overlay-gradient":""},"mobile":{"background-color":"var(--ast-global-color-5)","background-image":"","background-repeat":"repeat","background-position":"center center","background-size":"auto","background-attachment":"scroll","background-type":"","background-media":"","overlay-type":"","overlay-color":"","overlay-opacity":"","overlay-gradient":""}},"footnotes":""},"categories":[25],"tags":[],"post_folder":[],"class_list":["post-2881","post","type-post","status-publish","format-standard","has-post-thumbnail","hentry","category-aktualnosci"],"_links":{"self":[{"href":"https:\/\/piramowicz.pl\/index.php\/wp-json\/wp\/v2\/posts\/2881","targetHints":{"allow":["GET"]}}],"collection":[{"href":"https:\/\/piramowicz.pl\/index.php\/wp-json\/wp\/v2\/posts"}],"about":[{"href":"https:\/\/piramowicz.pl\/index.php\/wp-json\/wp\/v2\/types\/post"}],"author":[{"embeddable":true,"href":"https:\/\/piramowicz.pl\/index.php\/wp-json\/wp\/v2\/users\/2"}],"replies":[{"embeddable":true,"href":"https:\/\/piramowicz.pl\/index.php\/wp-json\/wp\/v2\/comments?post=2881"}],"version-history":[{"count":1,"href":"https:\/\/piramowicz.pl\/index.php\/wp-json\/wp\/v2\/posts\/2881\/revisions"}],"predecessor-version":[{"id":2882,"href":"https:\/\/piramowicz.pl\/index.php\/wp-json\/wp\/v2\/posts\/2881\/revisions\/2882"}],"wp:featuredmedia":[{"embeddable":true,"href":"https:\/\/piramowicz.pl\/index.php\/wp-json\/wp\/v2\/media\/2877"}],"wp:attachment":[{"href":"https:\/\/piramowicz.pl\/index.php\/wp-json\/wp\/v2\/media?parent=2881"}],"wp:term":[{"taxonomy":"category","embeddable":true,"href":"https:\/\/piramowicz.pl\/index.php\/wp-json\/wp\/v2\/categories?post=2881"},{"taxonomy":"post_tag","embeddable":true,"href":"https:\/\/piramowicz.pl\/index.php\/wp-json\/wp\/v2\/tags?post=2881"},{"taxonomy":"post_folder","embeddable":true,"href":"https:\/\/piramowicz.pl\/index.php\/wp-json\/wp\/v2\/post_folder?post=2881"}],"curies":[{"name":"wp","href":"https:\/\/api.w.org\/{rel}","templated":true}]}}