{"id":3094,"date":"2025-01-14T18:06:43","date_gmt":"2025-01-14T17:06:43","guid":{"rendered":"https:\/\/piramowicz.pl\/?p=3094"},"modified":"2025-01-14T18:09:53","modified_gmt":"2025-01-14T17:09:53","slug":"mlodziezowa-rada-powiatu-2","status":"publish","type":"post","link":"https:\/\/piramowicz.pl\/index.php\/2025\/01\/14\/mlodziezowa-rada-powiatu-2\/","title":{"rendered":"M\u0142odzie\u017cowa Rada Powiatu"},"content":{"rendered":"\n<p><strong>Powstanie M\u0142odzie\u017cowa Rada Powiatu w Augustowie \u2013 zielone \u015bwiat\u0142o dla m\u0142odych!<\/strong><br>Rada Powiatu Augustowskiego jednog\u0142o\u015bnie podj\u0119\u0142a uchwa\u0142\u0119 o powo\u0142aniu M\u0142odzie\u017cowej Rady Powiatu. To wyj\u0105tkowa inicjatywa, kt\u00f3rej celem jest aktywizacja m\u0142odych mieszka\u0144c\u00f3w naszego regionu i umo\u017cliwienie im realnego wp\u0142ywu na \u017cycie lokalnej spo\u0142eczno\u015bci.<\/p>\n\n\n\n<p>Tomasz Choroszewski, kierownik Wydzia\u0142u Organizacyjno-Prawnego Starostwa Powiatowego w Augustowie, zaznacza:<br>&#8222;Zgodnie ze statutem, rad\u0119 b\u0119dzie tworzy\u0142o 17 os\u00f3b ze wszystkich augustowskich szk\u00f3\u0142 ponadpodstawowych, dla kt\u00f3rych organem prowadz\u0105cym jest powiat augustowski. B\u0119dzie to struktura doradcza i konsultacyjna. Teraz czekamy na decyzj\u0119 starosty augustowskiego dotycz\u0105c\u0105 terminu wybor\u00f3w. To bardzo dobra inicjatywa i cieszy, \u017ce wszyscy radni jednog\u0142o\u015bnie j\u0105 poparli.&#8221;<\/p>\n\n\n\n<p>Wojciech Jerzy Szczud\u0142o &#8211; Wicestarosta powiatu augustowskiego podkre\u015bla wag\u0119 tego projektu:<br>&#8222;Jako cz\u0142onek zarz\u0105du powiatu ju\u017c wcze\u015bniej rekomendowa\u0142em tak\u0105 inicjatyw\u0119 i ciesz\u0119 si\u0119, \u017ce dosz\u0142a do skutku. Nowa rada umo\u017cliwi m\u0142odym mieszka\u0144com naszego powiatu wypracowywanie wsp\u00f3lnych stanowisk w sprawach, kt\u00f3rych g\u0142os doradczy mo\u017ce stanowi\u0107 wa\u017cny element debaty publicznej. Chcemy, aby m\u0142odzie\u017c mia\u0142a swoje miejsce, gdzie mo\u017ce wsp\u00f3lnie dzia\u0142a\u0107, integrowa\u0107 si\u0119 i&nbsp;podejmowa\u0107 decyzje, kt\u00f3re b\u0119d\u0105 mia\u0142y znaczenie dla przysz\u0142o\u015bci powiatu.&#8221;<\/p>\n\n\n\n<p>Pierwsze wybory do M\u0142odzie\u017cowej Rady Powiatu odb\u0119d\u0105 si\u0119 w pierwszym kwartale bie\u017c\u0105cego roku. Szczeg\u00f3\u0142y dotycz\u0105ce zasad wybor\u00f3w i funkcjonowania rady zostan\u0105 og\u0142oszone ju\u017c wkr\u00f3tce!<br>M\u0142odzie\u017cowa Rada Powiatu to platforma dla m\u0142odych lider\u00f3w \u2013 wspiera ich rozw\u00f3j, integracj\u0119 i dialog mi\u0119dzypokoleniowy.<br>Zach\u0119camy wszystkich m\u0142odych mieszka\u0144c\u00f3w do \u015bledzenia informacji i aktywnego uczestnictwa w tej wyj\u0105tkowej inicjatywie.<\/p>\n\n\n\n<figure class=\"wp-block-image size-large\"><img fetchpriority=\"high\" decoding=\"async\" width=\"1024\" height=\"1024\" src=\"https:\/\/piramowicz.pl\/wp-content\/uploads\/2025\/01\/mrplogo-1024x1024.jpg\" alt=\"M\u0142odzie\u017cowa Rada Powiatu logo\" class=\"wp-image-3093\" srcset=\"https:\/\/piramowicz.pl\/wp-content\/uploads\/2025\/01\/mrplogo-1024x1024.jpg 1024w, https:\/\/piramowicz.pl\/wp-content\/uploads\/2025\/01\/mrplogo-300x300.jpg 300w, https:\/\/piramowicz.pl\/wp-content\/uploads\/2025\/01\/mrplogo-150x150.jpg 150w, https:\/\/piramowicz.pl\/wp-content\/uploads\/2025\/01\/mrplogo-768x768.jpg 768w, https:\/\/piramowicz.pl\/wp-content\/uploads\/2025\/01\/mrplogo.jpg 1080w\" sizes=\"(max-width: 1024px) 100vw, 1024px\" \/><\/figure>\n","protected":false},"excerpt":{"rendered":"<p>Powstanie M\u0142odzie\u017cowa Rada Powiatu w Augustowie \u2013 zielone \u015bwiat\u0142o dla m\u0142odych!Rada Powiatu Augustowskiego jednog\u0142o\u015bnie podj\u0119\u0142a uchwa\u0142\u0119 o powo\u0142aniu M\u0142odzie\u017cowej Rady Powiatu. To wyj\u0105tkowa inicjatywa, kt\u00f3rej celem jest aktywizacja m\u0142odych mieszka\u0144c\u00f3w naszego regionu i umo\u017cliwienie im realnego wp\u0142ywu na \u017cycie lokalnej spo\u0142eczno\u015bci. Tomasz Choroszewski, kierownik Wydzia\u0142u Organizacyjno-Prawnego Starostwa Powiatowego w Augustowie, zaznacza:&#8222;Zgodnie ze statutem, rad\u0119 b\u0119dzie [&hellip;]<\/p>\n","protected":false},"author":2,"featured_media":3093,"comment_status":"closed","ping_status":"closed","sticky":false,"template":"","format":"standard","meta":{"site-sidebar-layout":"default","site-content-layout":"","ast-site-content-layout":"default","site-content-style":"default","site-sidebar-style":"default","ast-global-header-display":"","ast-banner-title-visibility":"","ast-main-header-display":"","ast-hfb-above-header-display":"","ast-hfb-below-header-display":"","ast-hfb-mobile-header-display":"","site-post-title":"","ast-breadcrumbs-content":"","ast-featured-img":"disabled","footer-sml-layout":"","ast-disable-related-posts":"","theme-transparent-header-meta":"","adv-header-id-meta":"","stick-header-meta":"","header-above-stick-meta":"","header-main-stick-meta":"","header-below-stick-meta":"","astra-migrate-meta-layouts":"set","ast-page-background-enabled":"default","ast-page-background-meta":{"desktop":{"background-color":"","background-image":"","background-repeat":"repeat","background-position":"center center","background-size":"auto","background-attachment":"scroll","background-type":"","background-media":"","overlay-type":"","overlay-color":"","overlay-opacity":"","overlay-gradient":""},"tablet":{"background-color":"","background-image":"","background-repeat":"repeat","background-position":"center center","background-size":"auto","background-attachment":"scroll","background-type":"","background-media":"","overlay-type":"","overlay-color":"","overlay-opacity":"","overlay-gradient":""},"mobile":{"background-color":"","background-image":"","background-repeat":"repeat","background-position":"center center","background-size":"auto","background-attachment":"scroll","background-type":"","background-media":"","overlay-type":"","overlay-color":"","overlay-opacity":"","overlay-gradient":""}},"ast-content-background-meta":{"desktop":{"background-color":"var(--ast-global-color-5)","background-image":"","background-repeat":"repeat","background-position":"center center","background-size":"auto","background-attachment":"scroll","background-type":"","background-media":"","overlay-type":"","overlay-color":"","overlay-opacity":"","overlay-gradient":""},"tablet":{"background-color":"var(--ast-global-color-5)","background-image":"","background-repeat":"repeat","background-position":"center center","background-size":"auto","background-attachment":"scroll","background-type":"","background-media":"","overlay-type":"","overlay-color":"","overlay-opacity":"","overlay-gradient":""},"mobile":{"background-color":"var(--ast-global-color-5)","background-image":"","background-repeat":"repeat","background-position":"center center","background-size":"auto","background-attachment":"scroll","background-type":"","background-media":"","overlay-type":"","overlay-color":"","overlay-opacity":"","overlay-gradient":""}},"footnotes":""},"categories":[25],"tags":[],"post_folder":[],"class_list":["post-3094","post","type-post","status-publish","format-standard","has-post-thumbnail","hentry","category-aktualnosci"],"_links":{"self":[{"href":"https:\/\/piramowicz.pl\/index.php\/wp-json\/wp\/v2\/posts\/3094","targetHints":{"allow":["GET"]}}],"collection":[{"href":"https:\/\/piramowicz.pl\/index.php\/wp-json\/wp\/v2\/posts"}],"about":[{"href":"https:\/\/piramowicz.pl\/index.php\/wp-json\/wp\/v2\/types\/post"}],"author":[{"embeddable":true,"href":"https:\/\/piramowicz.pl\/index.php\/wp-json\/wp\/v2\/users\/2"}],"replies":[{"embeddable":true,"href":"https:\/\/piramowicz.pl\/index.php\/wp-json\/wp\/v2\/comments?post=3094"}],"version-history":[{"count":3,"href":"https:\/\/piramowicz.pl\/index.php\/wp-json\/wp\/v2\/posts\/3094\/revisions"}],"predecessor-version":[{"id":3097,"href":"https:\/\/piramowicz.pl\/index.php\/wp-json\/wp\/v2\/posts\/3094\/revisions\/3097"}],"wp:featuredmedia":[{"embeddable":true,"href":"https:\/\/piramowicz.pl\/index.php\/wp-json\/wp\/v2\/media\/3093"}],"wp:attachment":[{"href":"https:\/\/piramowicz.pl\/index.php\/wp-json\/wp\/v2\/media?parent=3094"}],"wp:term":[{"taxonomy":"category","embeddable":true,"href":"https:\/\/piramowicz.pl\/index.php\/wp-json\/wp\/v2\/categories?post=3094"},{"taxonomy":"post_tag","embeddable":true,"href":"https:\/\/piramowicz.pl\/index.php\/wp-json\/wp\/v2\/tags?post=3094"},{"taxonomy":"post_folder","embeddable":true,"href":"https:\/\/piramowicz.pl\/index.php\/wp-json\/wp\/v2\/post_folder?post=3094"}],"curies":[{"name":"wp","href":"https:\/\/api.w.org\/{rel}","templated":true}]}}