{"id":3870,"date":"2025-10-14T16:52:19","date_gmt":"2025-10-14T14:52:19","guid":{"rendered":"https:\/\/piramowicz.pl\/?p=3870"},"modified":"2025-10-14T16:52:19","modified_gmt":"2025-10-14T14:52:19","slug":"wycieczki-do-hiszpanii","status":"publish","type":"post","link":"https:\/\/piramowicz.pl\/index.php\/2025\/10\/14\/wycieczki-do-hiszpanii\/","title":{"rendered":"Wycieczki do Hiszpanii"},"content":{"rendered":"\n<p>W dniach 25-30 wrze\u015bnia klasy 4a i 4f wraz z opiekunkami paniami Magdalen\u0105 Siedleck\u0105, Ma\u0142gorzat\u0105 Lend\u0105 oraz Mart\u0105 Pietrzak -Wolinowsk\u0105 oraz 1-5 pa\u017adziernika klasa 4d z paniami Joann\u0105 Ostapowicz i Agnieszk\u0105 Polakowsk\u0105 mia\u0142y okazj\u0119 odwiedzi\u0107 magiczn\u0105 Barcelon\u0119. Program wycieczki by\u0142 bogaty i r\u00f3\u017cnorodny. Ogromne wra\u017cenie na uczestnikach wywar\u0142a Sagrada Familia, secesyjna bazylika zaprojektowana przez Antonia Gaudiego, a tak\u017ce Park Guell jego projektu. Fanom sportu wielu emocji dostarczy\u0142o muzeum klubu FC Barcelona i stadion Camp Nou. Odwiedzili\u015bmy r\u00f3wnie\u017c dom Salvadora Dali i poznali\u015bmy niezwykle kreatywn\u0105 tw\u00f3rczo\u015b\u0107 tego artysty. Ca\u0142o\u015bci dope\u0142ni\u0142 spacer po starym mie\u015bcie, rejs statkiem po Morzu \u015ar\u00f3dziemnym oraz zwiedzanie \u015bredniowiecznego miasteczka Tossa de Mar.<br>Wycieczka by\u0142a znakomit\u0105 okazj\u0105 do integracji klas, a jej wyj\u0105tkowa atmosfera i pi\u0119kno odwiedzonych miejsc na d\u0142ugo pozostan\u0105 we wspomnieniach uczestnik\u00f3w.<\/p>\n\n\n\n<figure class=\"wp-block-image size-full\"><img fetchpriority=\"high\" decoding=\"async\" width=\"1200\" height=\"900\" src=\"https:\/\/piramowicz.pl\/wp-content\/uploads\/2025\/10\/Hiszpania09.25-4.jpg\" alt=\"Uczestniczki wycieczki z opiekunem, Pani\u0105 Joann\u0105 Ostapowicz\" class=\"wp-image-3861\" srcset=\"https:\/\/piramowicz.pl\/wp-content\/uploads\/2025\/10\/Hiszpania09.25-4.jpg 1200w, https:\/\/piramowicz.pl\/wp-content\/uploads\/2025\/10\/Hiszpania09.25-4-300x225.jpg 300w, https:\/\/piramowicz.pl\/wp-content\/uploads\/2025\/10\/Hiszpania09.25-4-1024x768.jpg 1024w, https:\/\/piramowicz.pl\/wp-content\/uploads\/2025\/10\/Hiszpania09.25-4-768x576.jpg 768w\" sizes=\"(max-width: 1200px) 100vw, 1200px\" \/><figcaption class=\"wp-element-caption\">Uczestniczki wycieczki z opiekunem, Pani\u0105 Joann\u0105 Ostapowicz<\/figcaption><\/figure>\n\n\n\n<figure class=\"wp-block-image size-full\"><img decoding=\"async\" width=\"1200\" height=\"889\" src=\"https:\/\/piramowicz.pl\/wp-content\/uploads\/2025\/10\/Hiszpania09.25-5.jpg\" alt=\"Uczestnicy wycieczki z opiekunkami, Pani\u0105 Mart\u0105 Pietrzak-Wolinowsk\u0105 i Pani\u0105 Ma\u0142gorzat\u0105 Lend\u0105\" class=\"wp-image-3862\" srcset=\"https:\/\/piramowicz.pl\/wp-content\/uploads\/2025\/10\/Hiszpania09.25-5.jpg 1200w, https:\/\/piramowicz.pl\/wp-content\/uploads\/2025\/10\/Hiszpania09.25-5-300x222.jpg 300w, https:\/\/piramowicz.pl\/wp-content\/uploads\/2025\/10\/Hiszpania09.25-5-1024x759.jpg 1024w, https:\/\/piramowicz.pl\/wp-content\/uploads\/2025\/10\/Hiszpania09.25-5-768x569.jpg 768w\" sizes=\"(max-width: 1200px) 100vw, 1200px\" \/><figcaption class=\"wp-element-caption\">Uczestnicy wycieczki z opiekunkami, Pani\u0105 Mart\u0105 Pietrzak-Wolinowsk\u0105, Pani\u0105 Magdalen\u0105 Siedleck\u0105 i Pani\u0105 Ma\u0142gorzat\u0105 Lend\u0105<\/figcaption><\/figure>\n\n\n\n<figure class=\"wp-block-image size-large\"><img decoding=\"async\" width=\"768\" height=\"1024\" src=\"https:\/\/piramowicz.pl\/wp-content\/uploads\/2025\/10\/Hiszpania09.25-1-768x1024.jpg\" alt=\"Sagrada Familia, secesyjna bazylika zaprojektowana przez Antonia Gaudiego\" class=\"wp-image-3858\" srcset=\"https:\/\/piramowicz.pl\/wp-content\/uploads\/2025\/10\/Hiszpania09.25-1-768x1024.jpg 768w, https:\/\/piramowicz.pl\/wp-content\/uploads\/2025\/10\/Hiszpania09.25-1-225x300.jpg 225w, https:\/\/piramowicz.pl\/wp-content\/uploads\/2025\/10\/Hiszpania09.25-1-1152x1536.jpg 1152w, https:\/\/piramowicz.pl\/wp-content\/uploads\/2025\/10\/Hiszpania09.25-1.jpg 1200w\" sizes=\"(max-width: 768px) 100vw, 768px\" \/><figcaption class=\"wp-element-caption\">Sagrada Familia, secesyjna bazylika zaprojektowana przez Antonia Gaudiego<\/figcaption><\/figure>\n\n\n\n<figure class=\"wp-block-image size-large\"><img loading=\"lazy\" decoding=\"async\" width=\"768\" height=\"1024\" src=\"https:\/\/piramowicz.pl\/wp-content\/uploads\/2025\/10\/Hiszpania09.25-2-768x1024.jpg\" alt=\"Park Guell\" class=\"wp-image-3859\" srcset=\"https:\/\/piramowicz.pl\/wp-content\/uploads\/2025\/10\/Hiszpania09.25-2-768x1024.jpg 768w, https:\/\/piramowicz.pl\/wp-content\/uploads\/2025\/10\/Hiszpania09.25-2-225x300.jpg 225w, https:\/\/piramowicz.pl\/wp-content\/uploads\/2025\/10\/Hiszpania09.25-2-1152x1536.jpg 1152w, https:\/\/piramowicz.pl\/wp-content\/uploads\/2025\/10\/Hiszpania09.25-2.jpg 1200w\" sizes=\"(max-width: 768px) 100vw, 768px\" \/><figcaption class=\"wp-element-caption\">Park Guell<\/figcaption><\/figure>\n\n\n\n<figure class=\"wp-block-image size-large\"><img loading=\"lazy\" decoding=\"async\" width=\"768\" height=\"1024\" src=\"https:\/\/piramowicz.pl\/wp-content\/uploads\/2025\/10\/Hiszpania09.25-3-768x1024.jpg\" alt=\"Park Guell\" class=\"wp-image-3860\" srcset=\"https:\/\/piramowicz.pl\/wp-content\/uploads\/2025\/10\/Hiszpania09.25-3-768x1024.jpg 768w, https:\/\/piramowicz.pl\/wp-content\/uploads\/2025\/10\/Hiszpania09.25-3-225x300.jpg 225w, https:\/\/piramowicz.pl\/wp-content\/uploads\/2025\/10\/Hiszpania09.25-3-1152x1536.jpg 1152w, https:\/\/piramowicz.pl\/wp-content\/uploads\/2025\/10\/Hiszpania09.25-3.jpg 1200w\" sizes=\"(max-width: 768px) 100vw, 768px\" \/><figcaption class=\"wp-element-caption\">Park Guell<\/figcaption><\/figure>\n","protected":false},"excerpt":{"rendered":"<p>W dniach 25-30 wrze\u015bnia klasy 4a i 4f wraz z opiekunkami paniami Magdalen\u0105 Siedleck\u0105, Ma\u0142gorzat\u0105 Lend\u0105 oraz Mart\u0105 Pietrzak -Wolinowsk\u0105 oraz 1-5 pa\u017adziernika klasa 4d z paniami Joann\u0105 Ostapowicz i Agnieszk\u0105 Polakowsk\u0105 mia\u0142y okazj\u0119 odwiedzi\u0107 magiczn\u0105 Barcelon\u0119. Program wycieczki by\u0142 bogaty i r\u00f3\u017cnorodny. Ogromne wra\u017cenie na uczestnikach wywar\u0142a Sagrada Familia, secesyjna bazylika zaprojektowana przez Antonia [&hellip;]<\/p>\n","protected":false},"author":2,"featured_media":3861,"comment_status":"closed","ping_status":"closed","sticky":false,"template":"","format":"standard","meta":{"site-sidebar-layout":"default","site-content-layout":"","ast-site-content-layout":"default","site-content-style":"default","site-sidebar-style":"default","ast-global-header-display":"","ast-banner-title-visibility":"","ast-main-header-display":"","ast-hfb-above-header-display":"","ast-hfb-below-header-display":"","ast-hfb-mobile-header-display":"","site-post-title":"","ast-breadcrumbs-content":"","ast-featured-img":"disabled","footer-sml-layout":"","ast-disable-related-posts":"","theme-transparent-header-meta":"","adv-header-id-meta":"","stick-header-meta":"","header-above-stick-meta":"","header-main-stick-meta":"","header-below-stick-meta":"","astra-migrate-meta-layouts":"set","ast-page-background-enabled":"default","ast-page-background-meta":{"desktop":{"background-color":"","background-image":"","background-repeat":"repeat","background-position":"center center","background-size":"auto","background-attachment":"scroll","background-type":"","background-media":"","overlay-type":"","overlay-color":"","overlay-opacity":"","overlay-gradient":""},"tablet":{"background-color":"","background-image":"","background-repeat":"repeat","background-position":"center center","background-size":"auto","background-attachment":"scroll","background-type":"","background-media":"","overlay-type":"","overlay-color":"","overlay-opacity":"","overlay-gradient":""},"mobile":{"background-color":"","background-image":"","background-repeat":"repeat","background-position":"center center","background-size":"auto","background-attachment":"scroll","background-type":"","background-media":"","overlay-type":"","overlay-color":"","overlay-opacity":"","overlay-gradient":""}},"ast-content-background-meta":{"desktop":{"background-color":"var(--ast-global-color-5)","background-image":"","background-repeat":"repeat","background-position":"center center","background-size":"auto","background-attachment":"scroll","background-type":"","background-media":"","overlay-type":"","overlay-color":"","overlay-opacity":"","overlay-gradient":""},"tablet":{"background-color":"var(--ast-global-color-5)","background-image":"","background-repeat":"repeat","background-position":"center center","background-size":"auto","background-attachment":"scroll","background-type":"","background-media":"","overlay-type":"","overlay-color":"","overlay-opacity":"","overlay-gradient":""},"mobile":{"background-color":"var(--ast-global-color-5)","background-image":"","background-repeat":"repeat","background-position":"center center","background-size":"auto","background-attachment":"scroll","background-type":"","background-media":"","overlay-type":"","overlay-color":"","overlay-opacity":"","overlay-gradient":""}},"footnotes":""},"categories":[25],"tags":[],"post_folder":[],"class_list":["post-3870","post","type-post","status-publish","format-standard","has-post-thumbnail","hentry","category-aktualnosci"],"_links":{"self":[{"href":"https:\/\/piramowicz.pl\/index.php\/wp-json\/wp\/v2\/posts\/3870","targetHints":{"allow":["GET"]}}],"collection":[{"href":"https:\/\/piramowicz.pl\/index.php\/wp-json\/wp\/v2\/posts"}],"about":[{"href":"https:\/\/piramowicz.pl\/index.php\/wp-json\/wp\/v2\/types\/post"}],"author":[{"embeddable":true,"href":"https:\/\/piramowicz.pl\/index.php\/wp-json\/wp\/v2\/users\/2"}],"replies":[{"embeddable":true,"href":"https:\/\/piramowicz.pl\/index.php\/wp-json\/wp\/v2\/comments?post=3870"}],"version-history":[{"count":1,"href":"https:\/\/piramowicz.pl\/index.php\/wp-json\/wp\/v2\/posts\/3870\/revisions"}],"predecessor-version":[{"id":3871,"href":"https:\/\/piramowicz.pl\/index.php\/wp-json\/wp\/v2\/posts\/3870\/revisions\/3871"}],"wp:featuredmedia":[{"embeddable":true,"href":"https:\/\/piramowicz.pl\/index.php\/wp-json\/wp\/v2\/media\/3861"}],"wp:attachment":[{"href":"https:\/\/piramowicz.pl\/index.php\/wp-json\/wp\/v2\/media?parent=3870"}],"wp:term":[{"taxonomy":"category","embeddable":true,"href":"https:\/\/piramowicz.pl\/index.php\/wp-json\/wp\/v2\/categories?post=3870"},{"taxonomy":"post_tag","embeddable":true,"href":"https:\/\/piramowicz.pl\/index.php\/wp-json\/wp\/v2\/tags?post=3870"},{"taxonomy":"post_folder","embeddable":true,"href":"https:\/\/piramowicz.pl\/index.php\/wp-json\/wp\/v2\/post_folder?post=3870"}],"curies":[{"name":"wp","href":"https:\/\/api.w.org\/{rel}","templated":true}]}}